{"id":51052,"date":"2025-08-25T13:55:11","date_gmt":"2025-08-25T10:55:11","guid":{"rendered":"https:\/\/www.egemtv.com\/?p=51052"},"modified":"2025-08-25T13:55:12","modified_gmt":"2025-08-25T10:55:12","slug":"mugla-aile-ve-sosyal-hizmetler-il-mudurlugunden-cocuklar-icin-anlamli-etkinlik","status":"publish","type":"post","link":"https:\/\/www.egemtv.com\/?p=51052","title":{"rendered":"Mu\u011fla Aile ve Sosyal Hizmetler \u0130l M\u00fcd\u00fcrl\u00fc\u011f\u00fc\u2019nden \u00e7ocuklar i\u00e7in anlaml\u0131 etkinlik"},"content":{"rendered":"<p>Mu\u011fla Aile ve Sosyal Hizmetler \u0130l M\u00fcd\u00fcrl\u00fc\u011f\u00fc\u2019ne ba\u011fl\u0131 \u0130lk Kabul Koordinasyon Merkezi\u2019nde kalan \u00e7ocuklar i\u00e7in \u2019Aile Y\u0131l\u0131\u2019 kapsam\u0131nda \u00f6zel bir etkinlik d\u00fczenlendi. Mu\u011fla Orman B\u00f6lge M\u00fcd\u00fcrl\u00fc\u011f\u00fc\u2019ne ba\u011fl\u0131 Marmaris Orman \u0130\u015fletme M\u00fcd\u00fcrl\u00fc\u011f\u00fc i\u015f birli\u011fiyle \u0130ncekum \u0130\u015fletmesi\u2019nde ger\u00e7ekle\u015fen etkinlikte, \u00e7ocuklar do\u011fayla i\u00e7 i\u00e7e bir g\u00fcn ge\u00e7irdi.<br \/>\n<br \/>Etkinli\u011fe, Mu\u011fla Aile ve Sosyal Hizmetler \u0130l M\u00fcd\u00fcr Yard\u0131mc\u0131s\u0131 Kuduret G\u00fclta\u015f, \u0130lk Kabul Merkezi M\u00fcd\u00fcr\u00fc \u0130lknur Y\u00fcksel ve Marmaris Orman \u0130\u015fletme M\u00fcd\u00fcr\u00fc G\u00f6khan \u015eahin de kat\u0131ld\u0131.<br \/>\n<br \/>\u00c7evre bilinci ve orman sevgisini a\u015f\u0131lamak amac\u0131yla d\u00fczenlenen etkinlikte \u00e7ocuklar, do\u011fa y\u00fcr\u00fcy\u00fc\u015flerine kat\u0131ld\u0131, orman ve \u00e7evre bilinci hakk\u0131nda bilgilendirildi. Ayr\u0131ca grup oyunlar\u0131 ve \u00e7e\u015fitli sosyal faaliyetlerle e\u011flenceli ve \u00f6\u011fretici bir g\u00fcn ge\u00e7irdiler.<br \/>\n<br \/>Yetkililer, etkinli\u011fin \u00e7ocuklar\u0131n sosyal geli\u015fimine katk\u0131 sa\u011flad\u0131\u011f\u0131n\u0131 ve \u2019Aile Y\u0131l\u0131\u2019 hedefleri do\u011frultusunda toplumsal duyarl\u0131l\u0131k ve dayan\u0131\u015fma bilincini art\u0131rmaya yard\u0131mc\u0131 oldu\u011funu belirtti. Bu etkinlikle \u00e7ocuklar\u0131n hem e\u011flendi\u011fi hem de yeni \u015feyler \u00f6\u011frendi\u011fi vurguland\u0131.<br \/><\/p>\n","protected":false},"excerpt":{"rendered":"<p>Mu\u011fla Aile ve Sosyal Hizmetler \u0130l M\u00fcd\u00fcrl\u00fc\u011f\u00fc\u2019ne ba\u011fl\u0131 \u0130lk Kabul Koordinasyon Merkezi\u2019nde kalan \u00e7ocuklar i\u00e7in \u2019Aile Y\u0131l\u0131\u2019 kapsam\u0131nda \u00f6zel bir etkinlik d\u00fczenlendi. Mu\u011fla Orman B\u00f6lge M\u00fcd\u00fcrl\u00fc\u011f\u00fc\u2019ne ba\u011fl\u0131 Marmaris Orman \u0130\u015fletme M\u00fcd\u00fcrl\u00fc\u011f\u00fc i\u015f birli\u011fiyle \u0130ncekum \u0130\u015fletmesi\u2019nde ger\u00e7ekle\u015fen etkinlikte, \u00e7ocuklar do\u011fayla i\u00e7 i\u00e7e bir g\u00fcn ge\u00e7irdi. Etkinli\u011fe, Mu\u011fla Aile ve Sosyal Hizmetler \u0130l M\u00fcd\u00fcr Yard\u0131mc\u0131s\u0131 Kuduret G\u00fclta\u015f,&#8230;<\/p>\n","protected":false},"author":1,"featured_media":51053,"comment_status":"open","ping_status":"open","sticky":false,"template":"","format":"standard","meta":{"_crdt_document":"","footnotes":""},"categories":[123],"tags":[],"class_list":["post-51052","post","type-post","status-publish","format-standard","has-post-thumbnail","hentry","category-gundem"],"_links":{"self":[{"href":"https:\/\/www.egemtv.com\/index.php?rest_route=\/wp\/v2\/posts\/51052","targetHints":{"allow":["GET"]}}],"collection":[{"href":"https:\/\/www.egemtv.com\/index.php?rest_route=\/wp\/v2\/posts"}],"about":[{"href":"https:\/\/www.egemtv.com\/index.php?rest_route=\/wp\/v2\/types\/post"}],"author":[{"embeddable":true,"href":"https:\/\/www.egemtv.com\/index.php?rest_route=\/wp\/v2\/users\/1"}],"replies":[{"embeddable":true,"href":"https:\/\/www.egemtv.com\/index.php?rest_route=%2Fwp%2Fv2%2Fcomments&post=51052"}],"version-history":[{"count":1,"href":"https:\/\/www.egemtv.com\/index.php?rest_route=\/wp\/v2\/posts\/51052\/revisions"}],"predecessor-version":[{"id":51054,"href":"https:\/\/www.egemtv.com\/index.php?rest_route=\/wp\/v2\/posts\/51052\/revisions\/51054"}],"wp:featuredmedia":[{"embeddable":true,"href":"https:\/\/www.egemtv.com\/index.php?rest_route=\/wp\/v2\/media\/51053"}],"wp:attachment":[{"href":"https:\/\/www.egemtv.com\/index.php?rest_route=%2Fwp%2Fv2%2Fmedia&parent=51052"}],"wp:term":[{"taxonomy":"category","embeddable":true,"href":"https:\/\/www.egemtv.com\/index.php?rest_route=%2Fwp%2Fv2%2Fcategories&post=51052"},{"taxonomy":"post_tag","embeddable":true,"href":"https:\/\/www.egemtv.com\/index.php?rest_route=%2Fwp%2Fv2%2Ftags&post=51052"}],"curies":[{"name":"wp","href":"https:\/\/api.w.org\/{rel}","templated":true}]}}