{"id":51049,"date":"2025-08-25T13:55:10","date_gmt":"2025-08-25T10:55:10","guid":{"rendered":"https:\/\/www.egemtv.com\/?p=51049"},"modified":"2025-08-25T13:55:11","modified_gmt":"2025-08-25T10:55:11","slug":"sezon-bitti-marmaris-belediyesi-plajlari-duzenlemeye-basladi","status":"publish","type":"post","link":"https:\/\/www.egemtv.com\/?p=51049","title":{"rendered":"Sezon bitti, Marmaris Belediyesi plajlar\u0131 d\u00fczenlemeye ba\u015flad\u0131"},"content":{"rendered":"<p>Mu\u011fla\u2019n\u0131n Marmaris il\u00e7esinde bulunan S\u00f6\u011f\u00fct sahilinde Marmaris Beleiyesi taraf\u0131ndan temizlik ve d\u00fczenleme \u00e7al\u0131\u015fmas\u0131 yap\u0131ld\u0131. Sezonun bitimine yak\u0131n Marmaris Belediyesi taraf\u0131ndan ger\u00e7ekle\u015ftirilen d\u00fczenleme ve temizlik \u00e7al\u0131\u015fmas\u0131 mahalle sakinleri taraf\u0131ndan &#8220;Sezon bitti, k\u0131rsal mahalleler Marmaris Belediyesi\u2019nin anca akl\u0131na geldi&#8221; \u015feklinde yorumland\u0131.<br \/>\n<br \/>\u00c7al\u0131\u015fmalar hakk\u0131nda a\u00e7\u0131klama yapan Marmaris Belediyesi, &#8220;Marmaris Belediyesi halk\u00e7\u0131 \u00e7al\u0131\u015fmalar\u0131na bir yenisini daha ekledi. Belediye\u2019nin \u00e7al\u0131\u015fmas\u0131yla Marmaris\u2019in g\u00f6zde mahallelerinden S\u00f6\u011f\u00fct\u2019te bulunan halk plaj\u0131 d\u00fczenlenerek daha konforlu hale getirildi. Vatanda\u015flar\u0131n plaj\u0131 rahat\u00e7a kullanabilmesi i\u00e7in \u00fccretsiz \u015femsiyeler yerle\u015ftirildi&#8221; ifadelerine yer verirken, b\u00f6lge halk\u0131 belediyenin payla\u015f\u0131m\u0131na &#8220;Sezon bitti anca m\u0131 akl\u0131n\u0131za geldi&#8221; \u015feklinde yorumlad\u0131.<br \/><\/p>\n","protected":false},"excerpt":{"rendered":"<p>Mu\u011fla\u2019n\u0131n Marmaris il\u00e7esinde bulunan S\u00f6\u011f\u00fct sahilinde Marmaris Beleiyesi taraf\u0131ndan temizlik ve d\u00fczenleme \u00e7al\u0131\u015fmas\u0131 yap\u0131ld\u0131. Sezonun bitimine yak\u0131n Marmaris Belediyesi taraf\u0131ndan ger\u00e7ekle\u015ftirilen d\u00fczenleme ve temizlik \u00e7al\u0131\u015fmas\u0131 mahalle sakinleri taraf\u0131ndan &#8220;Sezon bitti, k\u0131rsal mahalleler Marmaris Belediyesi\u2019nin anca akl\u0131na geldi&#8221; \u015feklinde yorumland\u0131. \u00c7al\u0131\u015fmalar hakk\u0131nda a\u00e7\u0131klama yapan Marmaris Belediyesi, &#8220;Marmaris Belediyesi halk\u00e7\u0131 \u00e7al\u0131\u015fmalar\u0131na bir yenisini daha ekledi. Belediye\u2019nin \u00e7al\u0131\u015fmas\u0131yla&#8230;<\/p>\n","protected":false},"author":1,"featured_media":51050,"comment_status":"open","ping_status":"open","sticky":false,"template":"","format":"standard","meta":{"_crdt_document":"","footnotes":""},"categories":[1],"tags":[],"class_list":["post-51049","post","type-post","status-publish","format-standard","has-post-thumbnail","hentry","category-guncel"],"_links":{"self":[{"href":"https:\/\/www.egemtv.com\/index.php?rest_route=\/wp\/v2\/posts\/51049","targetHints":{"allow":["GET"]}}],"collection":[{"href":"https:\/\/www.egemtv.com\/index.php?rest_route=\/wp\/v2\/posts"}],"about":[{"href":"https:\/\/www.egemtv.com\/index.php?rest_route=\/wp\/v2\/types\/post"}],"author":[{"embeddable":true,"href":"https:\/\/www.egemtv.com\/index.php?rest_route=\/wp\/v2\/users\/1"}],"replies":[{"embeddable":true,"href":"https:\/\/www.egemtv.com\/index.php?rest_route=%2Fwp%2Fv2%2Fcomments&post=51049"}],"version-history":[{"count":1,"href":"https:\/\/www.egemtv.com\/index.php?rest_route=\/wp\/v2\/posts\/51049\/revisions"}],"predecessor-version":[{"id":51051,"href":"https:\/\/www.egemtv.com\/index.php?rest_route=\/wp\/v2\/posts\/51049\/revisions\/51051"}],"wp:featuredmedia":[{"embeddable":true,"href":"https:\/\/www.egemtv.com\/index.php?rest_route=\/wp\/v2\/media\/51050"}],"wp:attachment":[{"href":"https:\/\/www.egemtv.com\/index.php?rest_route=%2Fwp%2Fv2%2Fmedia&parent=51049"}],"wp:term":[{"taxonomy":"category","embeddable":true,"href":"https:\/\/www.egemtv.com\/index.php?rest_route=%2Fwp%2Fv2%2Fcategories&post=51049"},{"taxonomy":"post_tag","embeddable":true,"href":"https:\/\/www.egemtv.com\/index.php?rest_route=%2Fwp%2Fv2%2Ftags&post=51049"}],"curies":[{"name":"wp","href":"https:\/\/api.w.org\/{rel}","templated":true}]}}