{"id":51046,"date":"2025-08-25T13:55:09","date_gmt":"2025-08-25T10:55:09","guid":{"rendered":"https:\/\/www.egemtv.com\/?p=51046"},"modified":"2025-08-25T13:55:10","modified_gmt":"2025-08-25T10:55:10","slug":"kibris-gazisi-huseyin-ozkan-son-yolculuguna-ugurlandi","status":"publish","type":"post","link":"https:\/\/www.egemtv.com\/?p=51046","title":{"rendered":"K\u0131br\u0131s Gazisi H\u00fcseyin \u00d6zkan son yolculu\u011funa u\u011furland\u0131"},"content":{"rendered":"<p>K\u00fctahya\u2019n\u0131n Tav\u015fanl\u0131 il\u00e7esinde hayat\u0131n\u0131 kaybeden 72 ya\u015f\u0131ndaki K\u0131br\u0131s gazisi H\u00fcseyin \u00d6zkan, d\u00fczenlenen askeri t\u00f6renle son yolculu\u011funa u\u011furland\u0131.<br \/>\n<br \/>Cenaze t\u00f6reni, Tav\u015fanl\u0131 Ulucami\u2019de \u00f6\u011fle namaz\u0131na m\u00fcteakip k\u0131l\u0131nan cenaze namaz\u0131yla ba\u015flad\u0131. \u0130l M\u00fcft\u00fcs\u00fc Dr. \u0130rfan A\u00e7\u0131k\u2019\u0131n imaml\u0131k yapt\u0131\u011f\u0131 t\u00f6rene, Tav\u015fanl\u0131 Kaymakam\u0131 \u00d6mer Faruk \u00d6zdemir, Hava Er E\u011fitim Tugay ve Garnizon Komutan\u0131 Hava Tu\u011fgeneral Mustafa Ba\u015f, gaziler, merhumun ailesi ve \u00e7ok say\u0131da vatanda\u015f kat\u0131ld\u0131.<br \/>\n<br \/>Namaz\u0131n ard\u0131ndan K\u00fctahya Garnizon Komutanl\u0131\u011f\u0131 t\u00f6ren tak\u0131m\u0131 e\u015fli\u011finde camiden al\u0131nan cenaze, Tav\u015fanl\u0131 Asri Mezarl\u0131\u011f\u0131na getirildi. \u00d6zkan, burada yap\u0131lan dualar\u0131n ard\u0131ndan topra\u011fa verildi.<br \/>\n<br \/>Defin t\u00f6reninin ard\u0131ndan H\u00fcseyin \u00d6zkan\u2019\u0131n o\u011fluna T\u00fcrk bayra\u011f\u0131 teslim edildi. Protokol \u00fcyeleri, merhum gazinin ailesine ba\u015fsa\u011fl\u0131\u011f\u0131 dileklerini iletti.<br \/><\/p>\n","protected":false},"excerpt":{"rendered":"<p>K\u00fctahya\u2019n\u0131n Tav\u015fanl\u0131 il\u00e7esinde hayat\u0131n\u0131 kaybeden 72 ya\u015f\u0131ndaki K\u0131br\u0131s gazisi H\u00fcseyin \u00d6zkan, d\u00fczenlenen askeri t\u00f6renle son yolculu\u011funa u\u011furland\u0131. Cenaze t\u00f6reni, Tav\u015fanl\u0131 Ulucami\u2019de \u00f6\u011fle namaz\u0131na m\u00fcteakip k\u0131l\u0131nan cenaze namaz\u0131yla ba\u015flad\u0131. \u0130l M\u00fcft\u00fcs\u00fc Dr. \u0130rfan A\u00e7\u0131k\u2019\u0131n imaml\u0131k yapt\u0131\u011f\u0131 t\u00f6rene, Tav\u015fanl\u0131 Kaymakam\u0131 \u00d6mer Faruk \u00d6zdemir, Hava Er E\u011fitim Tugay ve Garnizon Komutan\u0131 Hava Tu\u011fgeneral Mustafa Ba\u015f, gaziler, merhumun ailesi&#8230;<\/p>\n","protected":false},"author":1,"featured_media":51047,"comment_status":"open","ping_status":"open","sticky":false,"template":"","format":"standard","meta":{"_crdt_document":"","footnotes":""},"categories":[123],"tags":[],"class_list":["post-51046","post","type-post","status-publish","format-standard","has-post-thumbnail","hentry","category-gundem"],"_links":{"self":[{"href":"https:\/\/www.egemtv.com\/index.php?rest_route=\/wp\/v2\/posts\/51046","targetHints":{"allow":["GET"]}}],"collection":[{"href":"https:\/\/www.egemtv.com\/index.php?rest_route=\/wp\/v2\/posts"}],"about":[{"href":"https:\/\/www.egemtv.com\/index.php?rest_route=\/wp\/v2\/types\/post"}],"author":[{"embeddable":true,"href":"https:\/\/www.egemtv.com\/index.php?rest_route=\/wp\/v2\/users\/1"}],"replies":[{"embeddable":true,"href":"https:\/\/www.egemtv.com\/index.php?rest_route=%2Fwp%2Fv2%2Fcomments&post=51046"}],"version-history":[{"count":1,"href":"https:\/\/www.egemtv.com\/index.php?rest_route=\/wp\/v2\/posts\/51046\/revisions"}],"predecessor-version":[{"id":51048,"href":"https:\/\/www.egemtv.com\/index.php?rest_route=\/wp\/v2\/posts\/51046\/revisions\/51048"}],"wp:featuredmedia":[{"embeddable":true,"href":"https:\/\/www.egemtv.com\/index.php?rest_route=\/wp\/v2\/media\/51047"}],"wp:attachment":[{"href":"https:\/\/www.egemtv.com\/index.php?rest_route=%2Fwp%2Fv2%2Fmedia&parent=51046"}],"wp:term":[{"taxonomy":"category","embeddable":true,"href":"https:\/\/www.egemtv.com\/index.php?rest_route=%2Fwp%2Fv2%2Fcategories&post=51046"},{"taxonomy":"post_tag","embeddable":true,"href":"https:\/\/www.egemtv.com\/index.php?rest_route=%2Fwp%2Fv2%2Ftags&post=51046"}],"curies":[{"name":"wp","href":"https:\/\/api.w.org\/{rel}","templated":true}]}}