{"id":51040,"date":"2025-08-25T13:34:53","date_gmt":"2025-08-25T10:34:53","guid":{"rendered":"https:\/\/www.egemtv.com\/?p=51040"},"modified":"2025-08-25T13:34:54","modified_gmt":"2025-08-25T10:34:54","slug":"pamukkalede-toplanmayan-copler-tepki-cekti","status":"publish","type":"post","link":"https:\/\/www.egemtv.com\/?p=51040","title":{"rendered":"Pamukkale\u2019de toplanmayan \u00e7\u00f6pler tepki \u00e7ekti"},"content":{"rendered":"<p>DEN\u0130ZL\u0130 (\u0130HA) \u2013 Denizli\u2019nin Pamukkale\u2019de il\u00e7esinde toplanmayan \u00e7\u00f6pler, \u00e7evre kirlili\u011fine neden oldu. Kendi imkanlar\u0131yla \u00e7\u00f6pleri toplamaya \u00e7al\u0131\u015fan vatanda\u015f, yapt\u0131\u011f\u0131 payla\u015f\u0131mla Pamukkale Belediyesine tepki g\u00f6sterdi.<\/p>\n<p>Denizli\u2019de Merkezefendi\u2019nin ard\u0131ndan Pamukkale il\u00e7esinde de baz\u0131 mahallelerde ge\u00e7 toplanan \u00e7\u00f6pler, \u00e7evre kirlili\u011fine neden oldu. Konteynerlerden ta\u015fan \u00e7\u00f6pler yola ve \u00e7evreye sa\u00e7\u0131l\u0131rken, her g\u00fcn kendi imkanlar\u0131yla \u00e7\u00f6pleri toparlamaya \u00e7al\u0131\u015fan vatanda\u015f, asli g\u00f6revini yerine getiremeyen Pamukkale Belediyesine tepki g\u00f6sterdi. Olu\u015fan k\u00f6t\u00fc manzaray\u0131 sosyal medyadan kamuoyuyla payla\u015fan vatanda\u015f, ya\u015fananlara &#8220;Pamukkale Belediyesinde t\u00fcm personeller i\u015ften mi \u00e7\u0131kart\u0131ld\u0131&#8221; diyerek tepki g\u00f6sterdi.<\/p>\n<p>Konuya ili\u015fkin Pamukkale Belediyesinden hen\u00fcz resmi bir a\u00e7\u0131klama yap\u0131lmazken, \u00e7\u00f6p sorununu g\u00fcndeme ta\u015f\u0131yan vatanda\u015f ise yay\u0131nlad\u0131\u011f\u0131 videoda; &#8220;Denizli\u2019de ya\u015f\u0131yorum. Pamukkale Belediyesinin \u00e7\u00f6p konteynerlerinin etraf\u0131 \u00e7ok k\u00f6t\u00fc durumda. Buradaki \u00e7\u00f6pleri ben toplamaya \u00e7al\u0131\u015f\u0131yorum ama belediyenin eleman\u0131 veya bu \u00e7\u00f6pleri alabilecek kimsesi yok mu? Belediyedeki t\u00fcm personelleri kovdunuz mu bilmiyorum ama bu \u00e7\u00f6pler daha ne kadar burada kalacak. Ben d\u00fcn toplad\u0131m, bug\u00fcn de topluyorum fakat bu daha ne kadar b\u00f6yle devam edebilir. \u00c7\u00f6pler ne kadar daha burada kalacak \u00e7ok merak ediyorum. Ben b\u0131kmadan toplamaya devam edece\u011fim&#8221; ifadelerini kulland\u0131.<br \/><\/p>\n","protected":false},"excerpt":{"rendered":"<p>DEN\u0130ZL\u0130 (\u0130HA) \u2013 Denizli\u2019nin Pamukkale\u2019de il\u00e7esinde toplanmayan \u00e7\u00f6pler, \u00e7evre kirlili\u011fine neden oldu. Kendi imkanlar\u0131yla \u00e7\u00f6pleri toplamaya \u00e7al\u0131\u015fan vatanda\u015f, yapt\u0131\u011f\u0131 payla\u015f\u0131mla Pamukkale Belediyesine tepki g\u00f6sterdi. Denizli\u2019de Merkezefendi\u2019nin ard\u0131ndan Pamukkale il\u00e7esinde de baz\u0131 mahallelerde ge\u00e7 toplanan \u00e7\u00f6pler, \u00e7evre kirlili\u011fine neden oldu. Konteynerlerden ta\u015fan \u00e7\u00f6pler yola ve \u00e7evreye sa\u00e7\u0131l\u0131rken, her g\u00fcn kendi imkanlar\u0131yla \u00e7\u00f6pleri toparlamaya \u00e7al\u0131\u015fan vatanda\u015f, asli&#8230;<\/p>\n","protected":false},"author":1,"featured_media":51041,"comment_status":"open","ping_status":"open","sticky":false,"template":"","format":"standard","meta":{"_crdt_document":"","footnotes":""},"categories":[1],"tags":[],"class_list":["post-51040","post","type-post","status-publish","format-standard","has-post-thumbnail","hentry","category-guncel"],"_links":{"self":[{"href":"https:\/\/www.egemtv.com\/index.php?rest_route=\/wp\/v2\/posts\/51040","targetHints":{"allow":["GET"]}}],"collection":[{"href":"https:\/\/www.egemtv.com\/index.php?rest_route=\/wp\/v2\/posts"}],"about":[{"href":"https:\/\/www.egemtv.com\/index.php?rest_route=\/wp\/v2\/types\/post"}],"author":[{"embeddable":true,"href":"https:\/\/www.egemtv.com\/index.php?rest_route=\/wp\/v2\/users\/1"}],"replies":[{"embeddable":true,"href":"https:\/\/www.egemtv.com\/index.php?rest_route=%2Fwp%2Fv2%2Fcomments&post=51040"}],"version-history":[{"count":1,"href":"https:\/\/www.egemtv.com\/index.php?rest_route=\/wp\/v2\/posts\/51040\/revisions"}],"predecessor-version":[{"id":51042,"href":"https:\/\/www.egemtv.com\/index.php?rest_route=\/wp\/v2\/posts\/51040\/revisions\/51042"}],"wp:featuredmedia":[{"embeddable":true,"href":"https:\/\/www.egemtv.com\/index.php?rest_route=\/wp\/v2\/media\/51041"}],"wp:attachment":[{"href":"https:\/\/www.egemtv.com\/index.php?rest_route=%2Fwp%2Fv2%2Fmedia&parent=51040"}],"wp:term":[{"taxonomy":"category","embeddable":true,"href":"https:\/\/www.egemtv.com\/index.php?rest_route=%2Fwp%2Fv2%2Fcategories&post=51040"},{"taxonomy":"post_tag","embeddable":true,"href":"https:\/\/www.egemtv.com\/index.php?rest_route=%2Fwp%2Fv2%2Ftags&post=51040"}],"curies":[{"name":"wp","href":"https:\/\/api.w.org\/{rel}","templated":true}]}}