{"id":51037,"date":"2025-08-25T13:15:20","date_gmt":"2025-08-25T10:15:20","guid":{"rendered":"https:\/\/www.egemtv.com\/?p=51037"},"modified":"2025-08-25T13:15:21","modified_gmt":"2025-08-25T10:15:21","slug":"manisada-7-kilo-250-gramlik-uzum-salkimi","status":"publish","type":"post","link":"https:\/\/www.egemtv.com\/?p=51037","title":{"rendered":"Manisa\u2019da 7 kilo 250 graml\u0131k \u00fcz\u00fcm salk\u0131m\u0131"},"content":{"rendered":"<p>Manisa\u2019n\u0131n \u015eehzadeler il\u00e7esi Hac\u0131halliller Mahallesi\u2019nde \u00fcz\u00fcm \u00fcreticili\u011fi yapan \u0130smet ve \u00d6zer Sar\u0131 karde\u015fler, 7 kilo 250 gram a\u011f\u0131rl\u0131\u011f\u0131nda dev bir \u00fcz\u00fcm salk\u0131m\u0131n\u0131 hasat etti. Daha \u00f6nce 3-4 kilogram a\u011f\u0131rl\u0131\u011f\u0131nda salk\u0131mlar\u0131 da g\u00f6rd\u00fcklerini kaydeden karde\u015fler ilk kez b\u00f6ylesine b\u00fcy\u00fck bir \u00fcz\u00fcm salk\u0131m\u0131 g\u00f6rd\u00fcklerini s\u00f6yledi.<br \/>\n<br \/>\u00dcz\u00fcm hasad\u0131n\u0131n t\u00fcm h\u0131z\u0131yla devam etti\u011fi Manisa\u2019da 7 kilo 250 gram gelen \u00fcz\u00fcm salk\u0131m\u0131 \u00fcreticileri hayrete d\u00fc\u015f\u00fcrd\u00fc.<br \/>\n<br \/>Dede mesle\u011fini s\u00fcrd\u00fcrd\u00fcklerini s\u00f6yleyen \u00fcretici \u0130smet Sar\u0131, bu y\u0131l don olay\u0131, do\u011fal afetler ve a\u015f\u0131r\u0131 s\u0131caklar\u0131n ba\u011flar\u0131 olumsuz etkiledi\u011fini belirterek hasad\u0131n yakla\u015f\u0131k 15 g\u00fcn ge\u00e7 ba\u015flad\u0131\u011f\u0131n\u0131 ifade etti. Sar\u0131, &#8220;Manisa\u2019n\u0131n Sultaniye cinsi \u00fcz\u00fcm\u00fcn\u00fc yeti\u015ftiriyoruz. Bu y\u0131l hasat s\u0131ras\u0131nda 7 kilo 250 gram gelen \u00fcz\u00fcm salk\u0131m\u0131 kestik. Ye\u011fenim kuca\u011f\u0131nda zor ta\u015f\u0131d\u0131. Ayr\u0131ca 3 ila 4 kilogram gelen salk\u0131mlara da denk geldik. Allah nazardan saklas\u0131n, salk\u0131mlar iri ve s\u0131k taneli, aras\u0131na parmak girmiyor.&#8221; dedi.<br \/>\n<br \/>B\u00fcy\u00fck salk\u0131mlar i\u00e7in \u00f6zel bir uygulama yapmad\u0131klar\u0131n\u0131 dile getiren Sar\u0131, &#8220;Sadece g\u00fcn\u00fcnde ve zaman\u0131nda bak\u0131m\u0131n\u0131 yap\u0131yoruz. \u00d6zel bir form\u00fcl\u00fcm\u00fcz ya da farkl\u0131 bir g\u00fcbre veya ila\u00e7lamam\u0131z yok. Bilinen y\u00f6ntemlerle, d\u00fczenli bak\u0131m yap\u0131yoruz.&#8221; diye konu\u015ftu.<br \/>\n<br \/>Her y\u0131l bu \u015fekilde iri taneli salk\u0131mlar elde ettiklerini kaydeden \u00fcretici, bu y\u0131l ise \u00fcz\u00fcm yeti\u015ftiricisinin verim ve fiyat konusunda beklentisini kar\u015f\u0131layamad\u0131\u011f\u0131n\u0131 s\u00f6zlerine ekledi.<br \/><\/p>\n","protected":false},"excerpt":{"rendered":"<p>Manisa\u2019n\u0131n \u015eehzadeler il\u00e7esi Hac\u0131halliller Mahallesi\u2019nde \u00fcz\u00fcm \u00fcreticili\u011fi yapan \u0130smet ve \u00d6zer Sar\u0131 karde\u015fler, 7 kilo 250 gram a\u011f\u0131rl\u0131\u011f\u0131nda dev bir \u00fcz\u00fcm salk\u0131m\u0131n\u0131 hasat etti. Daha \u00f6nce 3-4 kilogram a\u011f\u0131rl\u0131\u011f\u0131nda salk\u0131mlar\u0131 da g\u00f6rd\u00fcklerini kaydeden karde\u015fler ilk kez b\u00f6ylesine b\u00fcy\u00fck bir \u00fcz\u00fcm salk\u0131m\u0131 g\u00f6rd\u00fcklerini s\u00f6yledi. \u00dcz\u00fcm hasad\u0131n\u0131n t\u00fcm h\u0131z\u0131yla devam etti\u011fi Manisa\u2019da 7 kilo 250 gram gelen&#8230;<\/p>\n","protected":false},"author":1,"featured_media":51038,"comment_status":"open","ping_status":"open","sticky":false,"template":"","format":"standard","meta":{"_crdt_document":"","footnotes":""},"categories":[125],"tags":[],"class_list":["post-51037","post","type-post","status-publish","format-standard","has-post-thumbnail","hentry","category-ekonomi"],"_links":{"self":[{"href":"https:\/\/www.egemtv.com\/index.php?rest_route=\/wp\/v2\/posts\/51037","targetHints":{"allow":["GET"]}}],"collection":[{"href":"https:\/\/www.egemtv.com\/index.php?rest_route=\/wp\/v2\/posts"}],"about":[{"href":"https:\/\/www.egemtv.com\/index.php?rest_route=\/wp\/v2\/types\/post"}],"author":[{"embeddable":true,"href":"https:\/\/www.egemtv.com\/index.php?rest_route=\/wp\/v2\/users\/1"}],"replies":[{"embeddable":true,"href":"https:\/\/www.egemtv.com\/index.php?rest_route=%2Fwp%2Fv2%2Fcomments&post=51037"}],"version-history":[{"count":1,"href":"https:\/\/www.egemtv.com\/index.php?rest_route=\/wp\/v2\/posts\/51037\/revisions"}],"predecessor-version":[{"id":51039,"href":"https:\/\/www.egemtv.com\/index.php?rest_route=\/wp\/v2\/posts\/51037\/revisions\/51039"}],"wp:featuredmedia":[{"embeddable":true,"href":"https:\/\/www.egemtv.com\/index.php?rest_route=\/wp\/v2\/media\/51038"}],"wp:attachment":[{"href":"https:\/\/www.egemtv.com\/index.php?rest_route=%2Fwp%2Fv2%2Fmedia&parent=51037"}],"wp:term":[{"taxonomy":"category","embeddable":true,"href":"https:\/\/www.egemtv.com\/index.php?rest_route=%2Fwp%2Fv2%2Fcategories&post=51037"},{"taxonomy":"post_tag","embeddable":true,"href":"https:\/\/www.egemtv.com\/index.php?rest_route=%2Fwp%2Fv2%2Ftags&post=51037"}],"curies":[{"name":"wp","href":"https:\/\/api.w.org\/{rel}","templated":true}]}}