{"id":51034,"date":"2025-08-25T13:15:19","date_gmt":"2025-08-25T10:15:19","guid":{"rendered":"https:\/\/www.egemtv.com\/?p=51034"},"modified":"2025-08-25T13:15:20","modified_gmt":"2025-08-25T10:15:20","slug":"gedizde-genclik-kampinda-cevre-farkindaligi-etkinligi","status":"publish","type":"post","link":"https:\/\/www.egemtv.com\/?p=51034","title":{"rendered":"Gediz\u2019de Gen\u00e7lik Kamp\u0131\u2019nda \u00e7evre fark\u0131ndal\u0131\u011f\u0131 etkinli\u011fi"},"content":{"rendered":"<p>K\u00fctahya\u2019n\u0131n Gediz il\u00e7esindeki Muratda\u011f\u0131 Gen\u00e7lik Kamp\u0131, \u00e7evre duyarl\u0131l\u0131\u011f\u0131n\u0131 art\u0131rmaya y\u00f6nelik \u00f6nemli bir etkinli\u011fe ev sahipli\u011fi yapt\u0131.<br \/>\n<br \/>Gen\u00e7lik ve Spor Bakanl\u0131\u011f\u0131 koordinasyonunda, \u00c7evre, \u015eehircilik ve \u0130klim De\u011fi\u015fikli\u011fi Bakanl\u0131\u011f\u0131 ile T\u00fcrkiye \u00c7evre Ajans\u0131 i\u015f birli\u011fiyle d\u00fczenlenen kampta gen\u00e7ler, \u00e7evre bilinci ve do\u011fa dostu ya\u015fam \u00fczerine \u00e7e\u015fitli e\u011fitim ve etkinliklere kat\u0131ld\u0131.<br \/>\n<br \/>\u00c7evre fark\u0131ndal\u0131\u011f\u0131n\u0131n gen\u00e7ler aras\u0131nda yayg\u0131nla\u015ft\u0131r\u0131lmas\u0131n\u0131n hedeflendi\u011fi programda, kat\u0131l\u0131mc\u0131lar do\u011fay\u0131 koruma ve gelecek nesillere daha ya\u015fanabilir bir \u00e7evre b\u0131rakma konusunda bilin\u00e7lendirildi.<br \/><\/p>\n","protected":false},"excerpt":{"rendered":"<p>K\u00fctahya\u2019n\u0131n Gediz il\u00e7esindeki Muratda\u011f\u0131 Gen\u00e7lik Kamp\u0131, \u00e7evre duyarl\u0131l\u0131\u011f\u0131n\u0131 art\u0131rmaya y\u00f6nelik \u00f6nemli bir etkinli\u011fe ev sahipli\u011fi yapt\u0131. Gen\u00e7lik ve Spor Bakanl\u0131\u011f\u0131 koordinasyonunda, \u00c7evre, \u015eehircilik ve \u0130klim De\u011fi\u015fikli\u011fi Bakanl\u0131\u011f\u0131 ile T\u00fcrkiye \u00c7evre Ajans\u0131 i\u015f birli\u011fiyle d\u00fczenlenen kampta gen\u00e7ler, \u00e7evre bilinci ve do\u011fa dostu ya\u015fam \u00fczerine \u00e7e\u015fitli e\u011fitim ve etkinliklere kat\u0131ld\u0131. \u00c7evre fark\u0131ndal\u0131\u011f\u0131n\u0131n gen\u00e7ler aras\u0131nda yayg\u0131nla\u015ft\u0131r\u0131lmas\u0131n\u0131n hedeflendi\u011fi programda,&#8230;<\/p>\n","protected":false},"author":1,"featured_media":51035,"comment_status":"open","ping_status":"open","sticky":false,"template":"","format":"standard","meta":{"_crdt_document":"","footnotes":""},"categories":[1],"tags":[],"class_list":["post-51034","post","type-post","status-publish","format-standard","has-post-thumbnail","hentry","category-guncel"],"_links":{"self":[{"href":"https:\/\/www.egemtv.com\/index.php?rest_route=\/wp\/v2\/posts\/51034","targetHints":{"allow":["GET"]}}],"collection":[{"href":"https:\/\/www.egemtv.com\/index.php?rest_route=\/wp\/v2\/posts"}],"about":[{"href":"https:\/\/www.egemtv.com\/index.php?rest_route=\/wp\/v2\/types\/post"}],"author":[{"embeddable":true,"href":"https:\/\/www.egemtv.com\/index.php?rest_route=\/wp\/v2\/users\/1"}],"replies":[{"embeddable":true,"href":"https:\/\/www.egemtv.com\/index.php?rest_route=%2Fwp%2Fv2%2Fcomments&post=51034"}],"version-history":[{"count":1,"href":"https:\/\/www.egemtv.com\/index.php?rest_route=\/wp\/v2\/posts\/51034\/revisions"}],"predecessor-version":[{"id":51036,"href":"https:\/\/www.egemtv.com\/index.php?rest_route=\/wp\/v2\/posts\/51034\/revisions\/51036"}],"wp:featuredmedia":[{"embeddable":true,"href":"https:\/\/www.egemtv.com\/index.php?rest_route=\/wp\/v2\/media\/51035"}],"wp:attachment":[{"href":"https:\/\/www.egemtv.com\/index.php?rest_route=%2Fwp%2Fv2%2Fmedia&parent=51034"}],"wp:term":[{"taxonomy":"category","embeddable":true,"href":"https:\/\/www.egemtv.com\/index.php?rest_route=%2Fwp%2Fv2%2Fcategories&post=51034"},{"taxonomy":"post_tag","embeddable":true,"href":"https:\/\/www.egemtv.com\/index.php?rest_route=%2Fwp%2Fv2%2Ftags&post=51034"}],"curies":[{"name":"wp","href":"https:\/\/api.w.org\/{rel}","templated":true}]}}