{"id":51031,"date":"2025-08-25T13:15:18","date_gmt":"2025-08-25T10:15:18","guid":{"rendered":"https:\/\/www.egemtv.com\/?p=51031"},"modified":"2025-08-25T13:15:19","modified_gmt":"2025-08-25T10:15:19","slug":"75-yasindaki-marangoz-ustasi-senturk-eti-senin-kemigi-benim-donemi-bitti","status":"publish","type":"post","link":"https:\/\/www.egemtv.com\/?p=51031","title":{"rendered":"75 ya\u015f\u0131ndaki marangoz ustas\u0131 \u015eent\u00fcrk: &#8220;Eti senin kemi\u011fi benim d\u00f6nemi bitti&#8221;"},"content":{"rendered":"<p>Ayd\u0131n\u2019\u0131n Ko\u00e7arl\u0131 il\u00e7esinde babas\u0131 taraf\u0131ndan kurulan ve 76 y\u0131ld\u0131r faaliyetlerine devam eden marangoz at\u00f6lyesinde mesle\u011fini s\u00fcrd\u00fcren 75 ya\u015f\u0131ndaki marangoz ustas\u0131 H\u00fcdaverdi \u015eent\u00fcrk mesle\u011finin gelece\u011finden endi\u015fe etti\u011fini belirterek, &#8220;\u00c7\u0131rakl\u0131k ve e\u011fitimde \u2019eti senin kemi\u011fi benim\u2019 d\u00f6nemi bitti. Art\u0131k gen\u00e7ler pek bir \u015fey \u00f6\u011frenmedi\u011fi gibi 12 y\u0131ll\u0131k kesintisiz e\u011fitim sanayiyi de \u00e7\u0131raks\u0131z b\u0131rakt\u0131&#8221; dedi.<\/p>\n<p>Babas\u0131n\u0131n 1949 y\u0131l\u0131nda a\u00e7t\u0131\u011f\u0131 marangoz at\u00f6lyesini 1972 y\u0131l\u0131nda devralan ve o g\u00fcnden bu yana mesle\u011fe adanm\u0131\u015f bir \u00f6m\u00fcr ge\u00e7iren H\u00fcdaverdi \u015eent\u00fcrk, \u00e7\u0131rakl\u0131k sisteminin yok olmaya y\u00fcz tuttu\u011funu kaydetti. Y\u0131llar\u0131n\u0131 ah\u015faba adam\u0131\u015f olan \u015eent\u00fcrk, \u00e7\u0131rak yeti\u015fmemesinden dolay\u0131 hem \u00fcz\u00fcnt\u00fc duydu\u011funu hem de mesle\u011fin gelece\u011fi konusunda endi\u015feli oldu\u011funu belirtti. \u015eent\u00fcrk, ge\u00e7mi\u015fte ailelerin \u00e7ocuklar\u0131n\u0131 meslek \u00f6\u011frenmeleri i\u00e7in g\u00f6n\u00fcl rahatl\u0131\u011f\u0131yla sanayiye g\u00f6nderdi\u011fini, ancak bug\u00fcn ayn\u0131 anlay\u0131\u015f\u0131n kalmad\u0131\u011f\u0131n\u0131 vurgulad\u0131. 4+4+4 kesintisiz e\u011fitim sisteminin y\u00fcr\u00fcrl\u00fc\u011fe girmesiyle sanayilerin \u00e7\u0131rak bulamaz hale geldi\u011fini iddia eden \u015eent\u00fcrk, &#8220;Eskiden \u00e7ocuk okumuyorsa ailesi bir ustaya verirdi. \u015eimdi herkes okuyor diplomal\u0131 ve i\u015fsiz. Ancak i\u015fin en yo\u011fun oldu\u011fu sanayi bombo\u015f&#8221; diye konu\u015ftu.<\/p>\n<p>&#8220;Bu meslekten ba\u015fka bir i\u015fle u\u011fra\u015fmad\u0131m&#8221;<br \/>\n<br \/>Kendisinin \u00e7al\u0131\u015fmay\u0131 \u00e7ok sevdi\u011fini ve bo\u015f durdu\u011funda kendisini bo\u015flu\u011fa d\u00fc\u015fm\u00fc\u015f biri gibi hissetti\u011fini kaydeden H\u00fcdaverdi \u015eent\u00fcrk, &#8220;Ben 75 ya\u015f\u0131nday\u0131m ve bu meslek bana babamdan yadigar. 1949 y\u0131l\u0131nda a\u00e7\u0131lan bu i\u015f yerimiz o g\u00fcn bug\u00fcnd\u00fcr halen daha faaliyetini s\u00fcrd\u00fcr\u00fcyor. Do\u011fdum do\u011fal\u0131 bu marangozluk mesle\u011finin i\u00e7erisindeyim, ba\u015fka hi\u00e7bir i\u015f ile u\u011fra\u015fmad\u0131m. 1972 y\u0131l\u0131nda askerden geldikten sonra babamdan i\u015fi devrald\u0131m. Ben de o\u011flanlar\u0131ma devrettim. Onlar da \u015fu anda Mu\u011fla\u2019n\u0131n Dat\u00e7a il\u00e7esinde mobilya \u00fczerine bu i\u015fi s\u00fcrd\u00fcr\u00fcyorlar. Ben de i\u015f yerimiz kapanmas\u0131n diye Ayd\u0131n\u2019\u0131n merkez il\u00e7esi Efeler\u2019den her g\u00fcn buraya gelip gidiyorum. \u00c7al\u0131\u015fmad\u0131\u011f\u0131mda kendimi bo\u015flu\u011fa d\u00fc\u015fm\u00fc\u015f ikinci s\u0131n\u0131f bir vatanda\u015f gibi g\u00f6r\u00fcyorum. Bask\u0131 alt\u0131nda \u00e7al\u0131\u015f\u0131yorsan\u0131z, yapt\u0131\u011f\u0131n\u0131z i\u015fi sevmiyorsan\u0131z bu i\u015f size zor gelir ama ben i\u015fimi yaparken zevk alarak yap\u0131yorum. Ya\u015f\u0131m ilerlese de devam ediyorum. \u00c7\u00fcnk\u00fc severek yap\u0131lan bir i\u015ften insan hi\u00e7bir zaman gocunmaz, zorlanmaz. Bug\u00fcne kadar bu i\u015fi yaparken hi\u00e7 zorlanmad\u0131m ve severek yapt\u0131m. Elimin tuttu\u011fu, g\u00f6z\u00fcm\u00fcn g\u00f6rd\u00fc\u011f\u00fc yere kadar da mesle\u011fimi s\u00fcrd\u00fcrece\u011fim. Kahvehanelerde bo\u015f zaman \u00f6ld\u00fcrece\u011fime, kendi i\u015f yerimde mesle\u011fimle u\u011fra\u015f\u0131yorum&#8221; diye konu\u015ftu.<\/p>\n<p>\u2019Eti senin kemi\u011fi benim\u2019 d\u00f6nemi bitti<br \/>\n<br \/>\u015eent\u00fcrk ge\u00e7mi\u015fte ailelerin ustalara duydu\u011fu g\u00fcvene de dikkat \u00e7ekerek, &#8220;4+4+4 zorunlu e\u011fitim sistemi \u00e7\u0131kt\u0131ktan sonra, sanayiler bombo\u015f kald\u0131. \u015eimdi \u00e7ocuklar, ister ba\u015far\u0131l\u0131 olsun ister olmas\u0131n s\u0131n\u0131f\u0131 ge\u00e7iyorlar. Eskiden aileler \u00e7ocuklar\u0131n\u0131 bize teslim ederdi, \u2019eti senin kemi\u011fi benim\u2019 derlerdi. O g\u00fcn\u00fcn \u015fartlar\u0131nda \u00e7ocu\u011fun t\u00fcm mesuliyeti bize ait olurdu. Bug\u00fcn ise \u00f6nce haftal\u0131\u011f\u0131n\u0131 soruyorlar. Hangi saatte evde olaca\u011f\u0131n\u0131 konu\u015fuyorlar. 4+4+4 zorunlu e\u011fitim sistemi T\u00fcrkiye\u2019de b\u00fcy\u00fck bir \u00e7\u0131rak kayb\u0131na neden oldu&#8221; dedi.<\/p>\n<p>&#8220;Yabanc\u0131lar \u00e7al\u0131\u015f\u0131yor, bizimkiler pazarl\u0131k yap\u0131yor&#8221;<br \/>\n<br \/>Gen\u00e7lerin art\u0131k i\u015f be\u011fenmedi\u011fini ifade eden \u015eent\u00fcrk, &#8220;Benim \u015fahsi d\u00fc\u015f\u00fcncem okuyacak ve okumayacak olan \u00e7ocuklar\u0131 ay\u0131rt edebilmek laz\u0131m. Mesela yabanc\u0131 uyruklu gen\u00e7lerimiz geliyor \u00fclkemize ve onlar i\u015f ay\u0131rt etmeden \u00e7al\u0131\u015f\u0131yorlar. Ancak bizim kendi yerli \u00e7ocuklar\u0131m\u0131z\u0131 \u00e7al\u0131\u015ft\u0131ram\u0131yoruz. \u00d6nce ayl\u0131\u011f\u0131n\u0131, haftal\u0131\u011f\u0131n\u0131, g\u00fcnl\u00fc\u011f\u00fcn\u00fc soruyorlar ama yapt\u0131\u011f\u0131 i\u015fe bakarsan\u0131z maalesef yok. \u00c7ocu\u011fa bir laf s\u00f6ylemeye bile gelmiyor hemen ertesi g\u00fcn aileler i\u015f yerine gelip bizden hesap sormaya kalk\u0131yorlar&#8221; ifadelerini kullanarak her ge\u00e7en \u00e7\u0131rakl\u0131\u011f\u0131n ve ahili\u011fin yok olmaya y\u00fcz tuttu\u011funu s\u00f6yledi.<br \/><\/p>\n","protected":false},"excerpt":{"rendered":"<p>Ayd\u0131n\u2019\u0131n Ko\u00e7arl\u0131 il\u00e7esinde babas\u0131 taraf\u0131ndan kurulan ve 76 y\u0131ld\u0131r faaliyetlerine devam eden marangoz at\u00f6lyesinde mesle\u011fini s\u00fcrd\u00fcren 75 ya\u015f\u0131ndaki marangoz ustas\u0131 H\u00fcdaverdi \u015eent\u00fcrk mesle\u011finin gelece\u011finden endi\u015fe etti\u011fini belirterek, &#8220;\u00c7\u0131rakl\u0131k ve e\u011fitimde \u2019eti senin kemi\u011fi benim\u2019 d\u00f6nemi bitti. Art\u0131k gen\u00e7ler pek bir \u015fey \u00f6\u011frenmedi\u011fi gibi 12 y\u0131ll\u0131k kesintisiz e\u011fitim sanayiyi de \u00e7\u0131raks\u0131z b\u0131rakt\u0131&#8221; dedi. Babas\u0131n\u0131n 1949 y\u0131l\u0131nda&#8230;<\/p>\n","protected":false},"author":1,"featured_media":51032,"comment_status":"open","ping_status":"open","sticky":false,"template":"","format":"standard","meta":{"_crdt_document":"","footnotes":""},"categories":[123],"tags":[],"class_list":["post-51031","post","type-post","status-publish","format-standard","has-post-thumbnail","hentry","category-gundem"],"_links":{"self":[{"href":"https:\/\/www.egemtv.com\/index.php?rest_route=\/wp\/v2\/posts\/51031","targetHints":{"allow":["GET"]}}],"collection":[{"href":"https:\/\/www.egemtv.com\/index.php?rest_route=\/wp\/v2\/posts"}],"about":[{"href":"https:\/\/www.egemtv.com\/index.php?rest_route=\/wp\/v2\/types\/post"}],"author":[{"embeddable":true,"href":"https:\/\/www.egemtv.com\/index.php?rest_route=\/wp\/v2\/users\/1"}],"replies":[{"embeddable":true,"href":"https:\/\/www.egemtv.com\/index.php?rest_route=%2Fwp%2Fv2%2Fcomments&post=51031"}],"version-history":[{"count":1,"href":"https:\/\/www.egemtv.com\/index.php?rest_route=\/wp\/v2\/posts\/51031\/revisions"}],"predecessor-version":[{"id":51033,"href":"https:\/\/www.egemtv.com\/index.php?rest_route=\/wp\/v2\/posts\/51031\/revisions\/51033"}],"wp:featuredmedia":[{"embeddable":true,"href":"https:\/\/www.egemtv.com\/index.php?rest_route=\/wp\/v2\/media\/51032"}],"wp:attachment":[{"href":"https:\/\/www.egemtv.com\/index.php?rest_route=%2Fwp%2Fv2%2Fmedia&parent=51031"}],"wp:term":[{"taxonomy":"category","embeddable":true,"href":"https:\/\/www.egemtv.com\/index.php?rest_route=%2Fwp%2Fv2%2Fcategories&post=51031"},{"taxonomy":"post_tag","embeddable":true,"href":"https:\/\/www.egemtv.com\/index.php?rest_route=%2Fwp%2Fv2%2Ftags&post=51031"}],"curies":[{"name":"wp","href":"https:\/\/api.w.org\/{rel}","templated":true}]}}