{"id":51028,"date":"2025-08-25T13:15:18","date_gmt":"2025-08-25T10:15:18","guid":{"rendered":"https:\/\/www.egemtv.com\/?p=51028"},"modified":"2025-08-25T13:15:18","modified_gmt":"2025-08-25T10:15:18","slug":"mugla-bolge-mudurlugunun-avrupa-birligi-projesi-desteklenmeye-hak-kazandi","status":"publish","type":"post","link":"https:\/\/www.egemtv.com\/?p=51028","title":{"rendered":"Mu\u011fla B\u00f6lge M\u00fcd\u00fcrl\u00fc\u011f\u00fc\u2019n\u00fcn Avrupa Birli\u011fi Projesi desteklenmeye hak kazand\u0131"},"content":{"rendered":"<p>Cumhurba\u015fkanl\u0131\u011f\u0131 \u0130leti\u015fim Ba\u015fkanl\u0131\u011f\u0131 Mu\u011fla B\u00f6lge M\u00fcd\u00fcrl\u00fc\u011f\u00fc\u2019n\u00fcn koordinat\u00f6r\u00fc oldu\u011fu  &#8220;Gen\u00e7leri G\u00fc\u00e7lendirin: Sosyal Medyada Olumlu Ba\u011flant\u0131 Kurun&#8221; (2025-1-TR01-KA152-YOU-000300426) isimli Avrupa Birli\u011fi projesi desteklenmeye hak kazand\u0131.<br \/>\n<br \/>Cumhurba\u015fkanl\u0131\u011f\u0131 \u0130leti\u015fim Ba\u015fkanl\u0131\u011f\u0131 Mu\u011fla B\u00f6lge M\u00fcd\u00fcrl\u00fc\u011f\u00fc koordinat\u00f6rl\u00fc\u011f\u00fcnde y\u00fcr\u00fct\u00fclecek projede Ayd\u0131n Adnan Menderes \u00dcniversitesi ile Polonya, \u0130spanya, Litvanya, Hollanda ve Slovenya\u2019dan \u00e7e\u015fitli sivil toplum kurulu\u015flar\u0131 ve dernekler partner olarak g\u00f6rev alacak.<br \/>\n<br \/>Proje kapsam\u0131nda haz\u0131rlanacak \u00e7\u0131kt\u0131larla; farkl\u0131 \u00fclkelerden gen\u00e7ler bir araya getirerek k\u00fclt\u00fcrel ve sosyal payla\u015f\u0131mda bulunmalar\u0131 sa\u011flanacak. B\u00f6ylece gen\u00e7lere, ger\u00e7eklik ile sanal payla\u015f\u0131m aras\u0131ndaki farkl\u0131l\u0131klar\u0131 g\u00f6rmeleri, do\u011fru sosyal medya kullan\u0131m\u0131, sosyal medya ba\u011f\u0131ml\u0131l\u0131\u011f\u0131n\u0131n zararlar\u0131, dijital okuryazarl\u0131\u011f\u0131n \u00f6nemi, siber zorbal\u0131k, \u00e7evrimi\u00e7i g\u00fcvenlik ihlalleri ve gizlilik endi\u015feleri gibi \u00e7e\u015fitli konularda e\u011fitimler verilerek fark\u0131ndal\u0131k olu\u015fturmak ve dijital ortamlar\u0131 ger\u00e7ek hayata kar\u015f\u0131 bir bariyer olarak de\u011fil bir ba\u011flant\u0131 ve anlama arac\u0131 olarak kullanmay\u0131 \u00f6\u011fretmek ama\u00e7lanacak.<br \/>\n<br \/>Proje etkinlik ve faaliyetlerine ek olarak projeye ait sosyal medya hesaplar\u0131 da gen\u00e7lerin ve uzmanlar\u0131n payla\u015f\u0131mlar\u0131yla birlikte \u00f6\u011frenme ve \u00f6\u011fretme amac\u0131na y\u00f6nelik \u015fekilde haz\u0131rlanarak gen\u00e7lerin kullan\u0131m\u0131na sunulacak.<br \/><\/p>\n","protected":false},"excerpt":{"rendered":"<p>Cumhurba\u015fkanl\u0131\u011f\u0131 \u0130leti\u015fim Ba\u015fkanl\u0131\u011f\u0131 Mu\u011fla B\u00f6lge M\u00fcd\u00fcrl\u00fc\u011f\u00fc\u2019n\u00fcn koordinat\u00f6r\u00fc oldu\u011fu &#8220;Gen\u00e7leri G\u00fc\u00e7lendirin: Sosyal Medyada Olumlu Ba\u011flant\u0131 Kurun&#8221; (2025-1-TR01-KA152-YOU-000300426) isimli Avrupa Birli\u011fi projesi desteklenmeye hak kazand\u0131. Cumhurba\u015fkanl\u0131\u011f\u0131 \u0130leti\u015fim Ba\u015fkanl\u0131\u011f\u0131 Mu\u011fla B\u00f6lge M\u00fcd\u00fcrl\u00fc\u011f\u00fc koordinat\u00f6rl\u00fc\u011f\u00fcnde y\u00fcr\u00fct\u00fclecek projede Ayd\u0131n Adnan Menderes \u00dcniversitesi ile Polonya, \u0130spanya, Litvanya, Hollanda ve Slovenya\u2019dan \u00e7e\u015fitli sivil toplum kurulu\u015flar\u0131 ve dernekler partner olarak g\u00f6rev alacak. Proje kapsam\u0131nda&#8230;<\/p>\n","protected":false},"author":1,"featured_media":51029,"comment_status":"open","ping_status":"open","sticky":false,"template":"","format":"standard","meta":{"_crdt_document":"","footnotes":""},"categories":[1],"tags":[],"class_list":["post-51028","post","type-post","status-publish","format-standard","has-post-thumbnail","hentry","category-guncel"],"_links":{"self":[{"href":"https:\/\/www.egemtv.com\/index.php?rest_route=\/wp\/v2\/posts\/51028","targetHints":{"allow":["GET"]}}],"collection":[{"href":"https:\/\/www.egemtv.com\/index.php?rest_route=\/wp\/v2\/posts"}],"about":[{"href":"https:\/\/www.egemtv.com\/index.php?rest_route=\/wp\/v2\/types\/post"}],"author":[{"embeddable":true,"href":"https:\/\/www.egemtv.com\/index.php?rest_route=\/wp\/v2\/users\/1"}],"replies":[{"embeddable":true,"href":"https:\/\/www.egemtv.com\/index.php?rest_route=%2Fwp%2Fv2%2Fcomments&post=51028"}],"version-history":[{"count":1,"href":"https:\/\/www.egemtv.com\/index.php?rest_route=\/wp\/v2\/posts\/51028\/revisions"}],"predecessor-version":[{"id":51030,"href":"https:\/\/www.egemtv.com\/index.php?rest_route=\/wp\/v2\/posts\/51028\/revisions\/51030"}],"wp:featuredmedia":[{"embeddable":true,"href":"https:\/\/www.egemtv.com\/index.php?rest_route=\/wp\/v2\/media\/51029"}],"wp:attachment":[{"href":"https:\/\/www.egemtv.com\/index.php?rest_route=%2Fwp%2Fv2%2Fmedia&parent=51028"}],"wp:term":[{"taxonomy":"category","embeddable":true,"href":"https:\/\/www.egemtv.com\/index.php?rest_route=%2Fwp%2Fv2%2Fcategories&post=51028"},{"taxonomy":"post_tag","embeddable":true,"href":"https:\/\/www.egemtv.com\/index.php?rest_route=%2Fwp%2Fv2%2Ftags&post=51028"}],"curies":[{"name":"wp","href":"https:\/\/api.w.org\/{rel}","templated":true}]}}