{"id":51025,"date":"2025-08-25T13:15:17","date_gmt":"2025-08-25T10:15:17","guid":{"rendered":"https:\/\/www.egemtv.com\/?p=51025"},"modified":"2025-08-25T13:15:18","modified_gmt":"2025-08-25T10:15:18","slug":"mugla-buyuksehirden-574-mahallede-evde-bakim-hizmeti","status":"publish","type":"post","link":"https:\/\/www.egemtv.com\/?p=51025","title":{"rendered":"Mu\u011fla B\u00fcy\u00fck\u015fehir\u2019den 574 mahallede evde bak\u0131m hizmeti"},"content":{"rendered":"<p>Mu\u011fla B\u00fcy\u00fck\u015fehir Belediyesi, vatanda\u015flar\u0131n sa\u011fl\u0131k alan\u0131ndaki ihtiya\u00e7lar\u0131na y\u00f6nelik hizmetlerini kesintisiz s\u00fcrd\u00fcr\u00fcyor. B\u00fcy\u00fck\u015fehir Belediyesi b\u00fcnyesinde g\u00f6rev yapan evde bak\u0131m ekipleri, kentin 13 il\u00e7esinde, 574 mahallede vatanda\u015flar\u0131n kendi evlerinde sa\u011fl\u0131k hizmeti almas\u0131n\u0131 sa\u011fl\u0131yor.<br \/>\n<br \/>Vatanda\u015flar\u0131n ya\u015fam kalitesini art\u0131rmay\u0131 hedefleyen ekipler bug\u00fcne kadar 208 bin 752 t\u0131bbi m\u00fcdahale ve 59 bin 17 genel bak\u0131m hizmeti ger\u00e7ekle\u015ftirdi. Sa\u011fl\u0131k ekipleri evde bak\u0131m kapsam\u0131nda tansiyon ve \u015feker \u00f6l\u00e7\u00fcm\u00fc, pansuman, enjeksiyon, serum takibi gibi t\u0131bbi uygulamalar\u0131n yan\u0131 s\u0131ra ki\u015fisel bak\u0131m hizmetleriyle de vatanda\u015flar\u0131n yan\u0131nda oluyor.<br \/>\n<br \/>Mu\u011fla B\u00fcy\u00fck\u015fehir Belediyesi\u2019nin evde bak\u0131m hizmetlerinden yararlanan Nermin Akba\u015f, memnuniyetini \u015fu s\u00f6zlerle dile getirdi: &#8220;Evde bak\u0131m hizmetinden \u00e7ok memnunuz. Bir y\u0131ld\u0131r bu hizmetten faydalan\u0131yoruz. Ekipler haftada iki g\u00fcn d\u00fczenli olarak gelip pansuman\u0131m\u0131z\u0131 yap\u0131yor. Her zaman kendimiz yapam\u0131yoruz. Bu nedenle \u00e7ok faydal\u0131 oluyor. B\u00fcy\u00fck\u015fehir Belediye Ba\u015fkan\u0131m\u0131z Ahmet Aras\u2019a bu hizmetten dolay\u0131 te\u015fekk\u00fcr ediyorum&#8221;<br \/>\n<br \/>Hizmetten yararlanan bir di\u011fer vatanda\u015f Ali Demirba\u015f ise \u015funlar\u0131 s\u00f6yledi: &#8220;Emekli \u00f6\u011fretmenim. Mu\u011fla\u2019da oturuyorum, annem ise Ula\u2019da ya\u015f\u0131yor. Rahats\u0131zl\u0131\u011f\u0131 nedeniyle bak\u0131m\u0131na destek olmam gerekiyor. Ge\u00e7en y\u0131l B\u00fcy\u00fck\u015fehir Belediyemize m\u00fcracaat ettik ve evde bak\u0131m hizmetinden faydalanmaya ba\u015flad\u0131k. Sa\u011fl\u0131k ekipleri hem t\u0131bbi destek sa\u011fl\u0131yor hem de ki\u015fisel bak\u0131m hizmeti veriyor. Belediye Ba\u015fkan\u0131m\u0131z Ahmet Aras ve eme\u011fi ge\u00e7en herkese te\u015fekk\u00fcr ediyorum&#8221;<br \/>\n<br \/>Ba\u015fkan Aras: &#8220;Vatanda\u015flar\u0131m\u0131z\u0131n sa\u011fl\u0131k hizmetlerine eri\u015fimini kolayla\u015ft\u0131rmak en \u00f6ncelikli g\u00f6revimiz&#8221;<br \/>\n<br \/>K\u0131y\u0131 Ege Belediyeler Birli\u011fi ve Mu\u011fla B\u00fcy\u00fck\u015fehir Belediye Ba\u015fkan\u0131 Ahmet Aras, evde bak\u0131m ve hasta nakil hizmetlerinin \u00f6nemine dikkat \u00e7ekerek \u015fu ifadeleri kulland\u0131: &#8220;Vatanda\u015flar\u0131m\u0131z\u0131n sa\u011fl\u0131k hizmetlerine eri\u015fimini kolayla\u015ft\u0131rmak en \u00f6ncelikli g\u00f6revlerimizden biridir. \u00d6zellikle ya\u015f alm\u0131\u015f ve \u00f6zel ihtiya\u00e7l\u0131 hem\u015ferilerimizin sa\u011fl\u0131k kurulu\u015flar\u0131na ula\u015f\u0131mda ya\u015fad\u0131\u011f\u0131 g\u00fc\u00e7l\u00fckleri biliyor, bu s\u00fcrecin tedavi ve kontrol s\u00fcre\u00e7lerini aksatmamas\u0131 i\u00e7in gerekli ad\u0131mlar\u0131 at\u0131yoruz. Evde bak\u0131m hizmetlerimiz ile vatanda\u015flar\u0131m\u0131z\u0131 kendi ya\u015fam alanlar\u0131nda desteklerken, hasta ve engelli nakil hizmetimizle de g\u00fcvenli ve kesintisiz \u015fekilde sa\u011fl\u0131k kurulu\u015flar\u0131na ula\u015fmalar\u0131n\u0131 sa\u011fl\u0131yoruz. B\u00fcy\u00fck\u015fehir Belediyesi olarak, sa\u011fl\u0131k hizmetlerinde f\u0131rsat e\u015fitli\u011fi ilkesini g\u00f6zetiyor, her \u015fartta hem\u015ferilerimizin yan\u0131nda olmaya devam ediyoruz&#8221;<br \/><\/p>\n","protected":false},"excerpt":{"rendered":"<p>Mu\u011fla B\u00fcy\u00fck\u015fehir Belediyesi, vatanda\u015flar\u0131n sa\u011fl\u0131k alan\u0131ndaki ihtiya\u00e7lar\u0131na y\u00f6nelik hizmetlerini kesintisiz s\u00fcrd\u00fcr\u00fcyor. B\u00fcy\u00fck\u015fehir Belediyesi b\u00fcnyesinde g\u00f6rev yapan evde bak\u0131m ekipleri, kentin 13 il\u00e7esinde, 574 mahallede vatanda\u015flar\u0131n kendi evlerinde sa\u011fl\u0131k hizmeti almas\u0131n\u0131 sa\u011fl\u0131yor. Vatanda\u015flar\u0131n ya\u015fam kalitesini art\u0131rmay\u0131 hedefleyen ekipler bug\u00fcne kadar 208 bin 752 t\u0131bbi m\u00fcdahale ve 59 bin 17 genel bak\u0131m hizmeti ger\u00e7ekle\u015ftirdi. Sa\u011fl\u0131k ekipleri evde&#8230;<\/p>\n","protected":false},"author":1,"featured_media":51026,"comment_status":"open","ping_status":"open","sticky":false,"template":"","format":"standard","meta":{"_crdt_document":"","footnotes":""},"categories":[123],"tags":[],"class_list":["post-51025","post","type-post","status-publish","format-standard","has-post-thumbnail","hentry","category-gundem"],"_links":{"self":[{"href":"https:\/\/www.egemtv.com\/index.php?rest_route=\/wp\/v2\/posts\/51025","targetHints":{"allow":["GET"]}}],"collection":[{"href":"https:\/\/www.egemtv.com\/index.php?rest_route=\/wp\/v2\/posts"}],"about":[{"href":"https:\/\/www.egemtv.com\/index.php?rest_route=\/wp\/v2\/types\/post"}],"author":[{"embeddable":true,"href":"https:\/\/www.egemtv.com\/index.php?rest_route=\/wp\/v2\/users\/1"}],"replies":[{"embeddable":true,"href":"https:\/\/www.egemtv.com\/index.php?rest_route=%2Fwp%2Fv2%2Fcomments&post=51025"}],"version-history":[{"count":1,"href":"https:\/\/www.egemtv.com\/index.php?rest_route=\/wp\/v2\/posts\/51025\/revisions"}],"predecessor-version":[{"id":51027,"href":"https:\/\/www.egemtv.com\/index.php?rest_route=\/wp\/v2\/posts\/51025\/revisions\/51027"}],"wp:featuredmedia":[{"embeddable":true,"href":"https:\/\/www.egemtv.com\/index.php?rest_route=\/wp\/v2\/media\/51026"}],"wp:attachment":[{"href":"https:\/\/www.egemtv.com\/index.php?rest_route=%2Fwp%2Fv2%2Fmedia&parent=51025"}],"wp:term":[{"taxonomy":"category","embeddable":true,"href":"https:\/\/www.egemtv.com\/index.php?rest_route=%2Fwp%2Fv2%2Fcategories&post=51025"},{"taxonomy":"post_tag","embeddable":true,"href":"https:\/\/www.egemtv.com\/index.php?rest_route=%2Fwp%2Fv2%2Ftags&post=51025"}],"curies":[{"name":"wp","href":"https:\/\/api.w.org\/{rel}","templated":true}]}}