{"id":51019,"date":"2025-08-25T13:15:15","date_gmt":"2025-08-25T10:15:15","guid":{"rendered":"https:\/\/www.egemtv.com\/?p=51019"},"modified":"2025-08-25T13:15:16","modified_gmt":"2025-08-25T10:15:16","slug":"nehir-zeyrek-babasina-verdigi-sozu-tuttu","status":"publish","type":"post","link":"https:\/\/www.egemtv.com\/?p=51019","title":{"rendered":"Nehir Zeyrek babas\u0131na verdi\u011fi s\u00f6z\u00fc tuttu"},"content":{"rendered":"<p>Ge\u00e7ti\u011fimiz haziran ay\u0131nda elektrik ak\u0131m\u0131na kap\u0131larak hayat\u0131n\u0131 kaybeden Manisa B\u00fcy\u00fck\u015fehir Belediye Ba\u015fkan\u0131 Mimar Ferdi Zeyrek\u2019in k\u0131z\u0131 Nehir Zeyrek, babas\u0131na verdi\u011fi s\u00f6z\u00fc tutarak Yeditepe \u00dcniversitesi Mimarl\u0131k Fak\u00fcltesini kazand\u0131.<br \/>\n<br \/>Ge\u00e7ti\u011fimiz haziran ay\u0131nda elektrik ak\u0131m\u0131na kap\u0131larak hayat\u0131n\u0131 kaybeden Manisa B\u00fcy\u00fck\u015fehir Belediye Ba\u015fkan\u0131 Mimar Ferdi Zeyrek, t\u00fcm T\u00fcrkiye\u2019yi yasa bo\u011fmu\u015ftu. Babas\u0131n\u0131n vefat\u0131n\u0131n ard\u0131ndan \u00fcniversite s\u0131navlar\u0131na kat\u0131lan Nehir Zeyrek, babas\u0131na verdi\u011fi s\u00f6z\u00fc tutmak ve babas\u0131 gibi mimar olmak istedi\u011fini belirtmi\u015fti. CHP Genel Ba\u015fkan\u0131 \u00d6zg\u00fcr \u00d6zel\u2019in refakatinde s\u0131nava giren Ba\u015fkan Zeyrek\u2019in k\u0131z\u0131 Nehir Zeyrek babas\u0131na verdi\u011fi s\u00f6z\u00fc yerine getirerek Yeditepe \u00dcniversitesi Mimarl\u0131k Fak\u00fcltesini kazand\u0131.<br \/>\n<br \/>Nehir Zeyrek, 2025-2026 Akademik Y\u0131l\u0131nda \u00f6\u011frenimini bu okulda devam ettirecek.<br \/><\/p>\n","protected":false},"excerpt":{"rendered":"<p>Ge\u00e7ti\u011fimiz haziran ay\u0131nda elektrik ak\u0131m\u0131na kap\u0131larak hayat\u0131n\u0131 kaybeden Manisa B\u00fcy\u00fck\u015fehir Belediye Ba\u015fkan\u0131 Mimar Ferdi Zeyrek\u2019in k\u0131z\u0131 Nehir Zeyrek, babas\u0131na verdi\u011fi s\u00f6z\u00fc tutarak Yeditepe \u00dcniversitesi Mimarl\u0131k Fak\u00fcltesini kazand\u0131. Ge\u00e7ti\u011fimiz haziran ay\u0131nda elektrik ak\u0131m\u0131na kap\u0131larak hayat\u0131n\u0131 kaybeden Manisa B\u00fcy\u00fck\u015fehir Belediye Ba\u015fkan\u0131 Mimar Ferdi Zeyrek, t\u00fcm T\u00fcrkiye\u2019yi yasa bo\u011fmu\u015ftu. Babas\u0131n\u0131n vefat\u0131n\u0131n ard\u0131ndan \u00fcniversite s\u0131navlar\u0131na kat\u0131lan Nehir Zeyrek, babas\u0131na&#8230;<\/p>\n","protected":false},"author":1,"featured_media":51020,"comment_status":"open","ping_status":"open","sticky":false,"template":"","format":"standard","meta":{"_crdt_document":"","footnotes":""},"categories":[1],"tags":[],"class_list":["post-51019","post","type-post","status-publish","format-standard","has-post-thumbnail","hentry","category-guncel"],"_links":{"self":[{"href":"https:\/\/www.egemtv.com\/index.php?rest_route=\/wp\/v2\/posts\/51019","targetHints":{"allow":["GET"]}}],"collection":[{"href":"https:\/\/www.egemtv.com\/index.php?rest_route=\/wp\/v2\/posts"}],"about":[{"href":"https:\/\/www.egemtv.com\/index.php?rest_route=\/wp\/v2\/types\/post"}],"author":[{"embeddable":true,"href":"https:\/\/www.egemtv.com\/index.php?rest_route=\/wp\/v2\/users\/1"}],"replies":[{"embeddable":true,"href":"https:\/\/www.egemtv.com\/index.php?rest_route=%2Fwp%2Fv2%2Fcomments&post=51019"}],"version-history":[{"count":1,"href":"https:\/\/www.egemtv.com\/index.php?rest_route=\/wp\/v2\/posts\/51019\/revisions"}],"predecessor-version":[{"id":51021,"href":"https:\/\/www.egemtv.com\/index.php?rest_route=\/wp\/v2\/posts\/51019\/revisions\/51021"}],"wp:featuredmedia":[{"embeddable":true,"href":"https:\/\/www.egemtv.com\/index.php?rest_route=\/wp\/v2\/media\/51020"}],"wp:attachment":[{"href":"https:\/\/www.egemtv.com\/index.php?rest_route=%2Fwp%2Fv2%2Fmedia&parent=51019"}],"wp:term":[{"taxonomy":"category","embeddable":true,"href":"https:\/\/www.egemtv.com\/index.php?rest_route=%2Fwp%2Fv2%2Fcategories&post=51019"},{"taxonomy":"post_tag","embeddable":true,"href":"https:\/\/www.egemtv.com\/index.php?rest_route=%2Fwp%2Fv2%2Ftags&post=51019"}],"curies":[{"name":"wp","href":"https:\/\/api.w.org\/{rel}","templated":true}]}}