{"id":51016,"date":"2025-08-25T12:55:41","date_gmt":"2025-08-25T09:55:41","guid":{"rendered":"https:\/\/www.egemtv.com\/?p=51016"},"modified":"2025-08-25T12:55:42","modified_gmt":"2025-08-25T09:55:42","slug":"izmirde-yelken-festivali-sona-erdi","status":"publish","type":"post","link":"https:\/\/www.egemtv.com\/?p=51016","title":{"rendered":"\u0130zmir\u2019de yelken festivali sona erdi"},"content":{"rendered":"<p>Kar\u015f\u0131yaka Yelken Kul\u00fcb\u00fc ev sahipli\u011finde d\u00fczenlenen 2025 ILCA Master T\u00fcrkiye \u015eampiyonas\u0131, \u00f6d\u00fcl t\u00f6reniyle sona erdi.<br \/>\n<br \/>Kar\u015f\u0131yaka\u2019da bu y\u0131l 3. kez d\u00fczenlenen \u015fampiyona, T\u00fcrkiye\u2019nin d\u00f6rt bir yan\u0131ndan ve yurt d\u0131\u015f\u0131ndan gelen deneyimli sporcular\u0131 bir araya getirdi. \u0130zmir K\u00f6rfezi\u2019nde ger\u00e7ekle\u015fen yar\u0131\u015flarda, olimpik seviyede yar\u0131\u015fm\u0131\u015f, d\u00fcnya ve Avrupa \u015fampiyonalar\u0131nda dereceler elde etmi\u015f milli yelkenciler yar\u0131\u015ft\u0131. ILCA 7\u2019nin \u015fampiyonu Andrew Holdsworth olurken, ILCA 6\u2019y\u0131 kazanan ise Hakan Y\u0131lmaz oldu.<br \/>\n<br \/>\u015eampiyona s\u00fcresince her g\u00fcn yar\u0131\u015flar\u0131n ard\u0131ndan k\u0131y\u0131da d\u00fczenlenen etkinliklerle de festival havas\u0131 ya\u015fand\u0131. Organizasyonun Kar\u015f\u0131yaka Yelken Tesisleri\u2019nde yap\u0131lan \u00f6d\u00fcl t\u00f6renine \u00f6nceki d\u00f6nem Gen\u00e7lik ve Spor Bakan\u0131, AK Parti \u0130zmir Milletvekili Dr. Mehmet Kasapo\u011flu, Yelken Federasyonu Ba\u015fkan\u0131 \u00d6zlem Akdurak, Kar\u015f\u0131yaka Spor Kul\u00fcb\u00fc Ba\u015fkan\u0131 Ayg\u00fcn Ciciba\u015f da kat\u0131ld\u0131.<\/p>\n<p>Kasapo\u011flu: &#8220;T\u00fcm sporcular\u0131m\u0131z\u0131 y\u00fcrekten kutluyorum&#8221;<br \/>\n<br \/>\u00d6nceki d\u00f6nem Gen\u00e7lik ve Spor Bakan\u0131, AK Parti \u0130zmir Milletvekili Dr. Mehmet Kasapo\u011flu, sosyal medya hesab\u0131ndan 2025 ILCA Master T\u00fcrkiye \u015eampiyonas\u0131 i\u00e7in bir payla\u015f\u0131m yapt\u0131. \u00dclkenin d\u00f6rt bir yan\u0131ndan gelen yelkencilerin r\u00fczgarla, dalgayla ve en \u00f6nemlisi sporun karde\u015flik ruhuyla bulu\u015ftu\u011funu dile getiren Kasapo\u011flu, &#8220;Be\u015f g\u00fcn s\u00fcren heyecan dolu m\u00fccadelelerin ard\u0131ndan bug\u00fcn ger\u00e7ekle\u015ftirilen \u00f6d\u00fcl t\u00f6reninde, azimleri ve ba\u015far\u0131lar\u0131yla bizleri gururland\u0131ran t\u00fcm sporcular\u0131m\u0131z\u0131 y\u00fcrekten kutluyorum&#8221; dedi.<br \/><\/p>\n","protected":false},"excerpt":{"rendered":"<p>Kar\u015f\u0131yaka Yelken Kul\u00fcb\u00fc ev sahipli\u011finde d\u00fczenlenen 2025 ILCA Master T\u00fcrkiye \u015eampiyonas\u0131, \u00f6d\u00fcl t\u00f6reniyle sona erdi. Kar\u015f\u0131yaka\u2019da bu y\u0131l 3. kez d\u00fczenlenen \u015fampiyona, T\u00fcrkiye\u2019nin d\u00f6rt bir yan\u0131ndan ve yurt d\u0131\u015f\u0131ndan gelen deneyimli sporcular\u0131 bir araya getirdi. \u0130zmir K\u00f6rfezi\u2019nde ger\u00e7ekle\u015fen yar\u0131\u015flarda, olimpik seviyede yar\u0131\u015fm\u0131\u015f, d\u00fcnya ve Avrupa \u015fampiyonalar\u0131nda dereceler elde etmi\u015f milli yelkenciler yar\u0131\u015ft\u0131. ILCA 7\u2019nin \u015fampiyonu&#8230;<\/p>\n","protected":false},"author":1,"featured_media":51017,"comment_status":"open","ping_status":"open","sticky":false,"template":"","format":"standard","meta":{"_crdt_document":"","footnotes":""},"categories":[4],"tags":[],"class_list":["post-51016","post","type-post","status-publish","format-standard","has-post-thumbnail","hentry","category-spor"],"_links":{"self":[{"href":"https:\/\/www.egemtv.com\/index.php?rest_route=\/wp\/v2\/posts\/51016","targetHints":{"allow":["GET"]}}],"collection":[{"href":"https:\/\/www.egemtv.com\/index.php?rest_route=\/wp\/v2\/posts"}],"about":[{"href":"https:\/\/www.egemtv.com\/index.php?rest_route=\/wp\/v2\/types\/post"}],"author":[{"embeddable":true,"href":"https:\/\/www.egemtv.com\/index.php?rest_route=\/wp\/v2\/users\/1"}],"replies":[{"embeddable":true,"href":"https:\/\/www.egemtv.com\/index.php?rest_route=%2Fwp%2Fv2%2Fcomments&post=51016"}],"version-history":[{"count":1,"href":"https:\/\/www.egemtv.com\/index.php?rest_route=\/wp\/v2\/posts\/51016\/revisions"}],"predecessor-version":[{"id":51018,"href":"https:\/\/www.egemtv.com\/index.php?rest_route=\/wp\/v2\/posts\/51016\/revisions\/51018"}],"wp:featuredmedia":[{"embeddable":true,"href":"https:\/\/www.egemtv.com\/index.php?rest_route=\/wp\/v2\/media\/51017"}],"wp:attachment":[{"href":"https:\/\/www.egemtv.com\/index.php?rest_route=%2Fwp%2Fv2%2Fmedia&parent=51016"}],"wp:term":[{"taxonomy":"category","embeddable":true,"href":"https:\/\/www.egemtv.com\/index.php?rest_route=%2Fwp%2Fv2%2Fcategories&post=51016"},{"taxonomy":"post_tag","embeddable":true,"href":"https:\/\/www.egemtv.com\/index.php?rest_route=%2Fwp%2Fv2%2Ftags&post=51016"}],"curies":[{"name":"wp","href":"https:\/\/api.w.org\/{rel}","templated":true}]}}