{"id":51013,"date":"2025-08-25T12:55:40","date_gmt":"2025-08-25T09:55:40","guid":{"rendered":"https:\/\/www.egemtv.com\/?p=51013"},"modified":"2025-08-25T12:55:41","modified_gmt":"2025-08-25T09:55:41","slug":"salihlide-supheliden-kagida-emdirilmis-164-icimlik-uyusturucu-cikti","status":"publish","type":"post","link":"https:\/\/www.egemtv.com\/?p=51013","title":{"rendered":"Salihli\u2019de \u015f\u00fcpheliden ka\u011f\u0131da emdirilmi\u015f 164 i\u00e7imlik uyu\u015fturucu \u00e7\u0131kt\u0131"},"content":{"rendered":"<p>Manisa\u2019n\u0131n Salihli il\u00e7esinde polis ekiplerinin \u015f\u00fcphe \u00fczerine arama yapt\u0131\u011f\u0131 \u015f\u00fcpheliden A4 ka\u011f\u0131da emdirilmi\u015f 164 i\u00e7imlik u\u00e7 bonzai \u00e7\u0131kt\u0131.<br \/>\n<br \/>Uyu\u015fturucu madde ticareti yapan \u015fah\u0131slara y\u00f6nelik \u00e7al\u0131\u015fmalar\u0131na devam eden Salihli \u0130l\u00e7e Emniyet M\u00fcd\u00fcrl\u00fc\u011f\u00fc ekipleri, \u015eehitler Mahallesi\u2019nde durumundan \u015f\u00fcphelendikleri M.\u00c7.\u2019yi durdurup arama yapt\u0131. \u015e\u00fcphelinin yap\u0131lan \u00fcst aramas\u0131nda A4 ka\u011f\u0131da emdirilmi\u015f, folyoya sar\u0131l\u0131 4 par\u00e7a halinde 164 i\u00e7imlik u\u00e7 bonzai ele ge\u00e7irildi.<br \/>\n<br \/>\u015e\u00fcpheli hakk\u0131nda adli i\u015flem ba\u015flat\u0131ld\u0131\u011f\u0131 \u00f6\u011frenildi.<br \/><\/p>\n","protected":false},"excerpt":{"rendered":"<p>Manisa\u2019n\u0131n Salihli il\u00e7esinde polis ekiplerinin \u015f\u00fcphe \u00fczerine arama yapt\u0131\u011f\u0131 \u015f\u00fcpheliden A4 ka\u011f\u0131da emdirilmi\u015f 164 i\u00e7imlik u\u00e7 bonzai \u00e7\u0131kt\u0131. Uyu\u015fturucu madde ticareti yapan \u015fah\u0131slara y\u00f6nelik \u00e7al\u0131\u015fmalar\u0131na devam eden Salihli \u0130l\u00e7e Emniyet M\u00fcd\u00fcrl\u00fc\u011f\u00fc ekipleri, \u015eehitler Mahallesi\u2019nde durumundan \u015f\u00fcphelendikleri M.\u00c7.\u2019yi durdurup arama yapt\u0131. \u015e\u00fcphelinin yap\u0131lan \u00fcst aramas\u0131nda A4 ka\u011f\u0131da emdirilmi\u015f, folyoya sar\u0131l\u0131 4 par\u00e7a halinde 164 i\u00e7imlik u\u00e7&#8230;<\/p>\n","protected":false},"author":1,"featured_media":51014,"comment_status":"open","ping_status":"open","sticky":false,"template":"","format":"standard","meta":{"_crdt_document":"","footnotes":""},"categories":[5],"tags":[],"class_list":["post-51013","post","type-post","status-publish","format-standard","has-post-thumbnail","hentry","category-asayis"],"_links":{"self":[{"href":"https:\/\/www.egemtv.com\/index.php?rest_route=\/wp\/v2\/posts\/51013","targetHints":{"allow":["GET"]}}],"collection":[{"href":"https:\/\/www.egemtv.com\/index.php?rest_route=\/wp\/v2\/posts"}],"about":[{"href":"https:\/\/www.egemtv.com\/index.php?rest_route=\/wp\/v2\/types\/post"}],"author":[{"embeddable":true,"href":"https:\/\/www.egemtv.com\/index.php?rest_route=\/wp\/v2\/users\/1"}],"replies":[{"embeddable":true,"href":"https:\/\/www.egemtv.com\/index.php?rest_route=%2Fwp%2Fv2%2Fcomments&post=51013"}],"version-history":[{"count":1,"href":"https:\/\/www.egemtv.com\/index.php?rest_route=\/wp\/v2\/posts\/51013\/revisions"}],"predecessor-version":[{"id":51015,"href":"https:\/\/www.egemtv.com\/index.php?rest_route=\/wp\/v2\/posts\/51013\/revisions\/51015"}],"wp:featuredmedia":[{"embeddable":true,"href":"https:\/\/www.egemtv.com\/index.php?rest_route=\/wp\/v2\/media\/51014"}],"wp:attachment":[{"href":"https:\/\/www.egemtv.com\/index.php?rest_route=%2Fwp%2Fv2%2Fmedia&parent=51013"}],"wp:term":[{"taxonomy":"category","embeddable":true,"href":"https:\/\/www.egemtv.com\/index.php?rest_route=%2Fwp%2Fv2%2Fcategories&post=51013"},{"taxonomy":"post_tag","embeddable":true,"href":"https:\/\/www.egemtv.com\/index.php?rest_route=%2Fwp%2Fv2%2Ftags&post=51013"}],"curies":[{"name":"wp","href":"https:\/\/api.w.org\/{rel}","templated":true}]}}