{"id":51010,"date":"2025-08-25T12:34:53","date_gmt":"2025-08-25T09:34:53","guid":{"rendered":"https:\/\/www.egemtv.com\/?p=51010"},"modified":"2025-08-25T12:34:53","modified_gmt":"2025-08-25T09:34:53","slug":"manisalilar-altin-fiyatlarini-anlik-takip-edebilecek","status":"publish","type":"post","link":"https:\/\/www.egemtv.com\/?p=51010","title":{"rendered":"Manisal\u0131lar alt\u0131n fiyatlar\u0131n\u0131 anl\u0131k takip edebilecek"},"content":{"rendered":"<p>Manisa Kuyumcular ve Sarraflar Derne\u011fi Ba\u015fkanl\u0131\u011f\u0131na adayl\u0131\u011f\u0131n\u0131 a\u00e7\u0131klayan Atilla Be\u011fendik, &#8220;Halk\u0131m\u0131z ile esnaf\u0131m\u0131z aras\u0131ndaki g\u00fcveni g\u00fc\u00e7lendirecek yenilik\u00e7i bir aplikasyona ad\u0131m at\u0131yoruz.&#8221; diyerek hayata ge\u00e7irecekleri Dijital Fiyat Ekran\u0131 Projesinden bahsetti.<br \/>\n<br \/>Manisa\u2019da 27 A\u011fustos\u2019ta tarihinde ola\u011fan\u00fcst\u00fc genel kurul toplant\u0131s\u0131n\u0131n yap\u0131laca\u011f\u0131 Manisa Kuyumcular ve Sarraflar Derne\u011fi\u2019nde ba\u015fkan aday\u0131 olan Atilla Be\u011fendik, \u00fcye esnaflar\u0131 ziyaret ederek hayata ge\u00e7irece\u011fi yenilik\u00e7i ve g\u00fcveni peki\u015ftirici projeleri hakk\u0131nda a\u00e7\u0131klamalar yaparak, \u00fcyelerin oylar\u0131na talip oldu.<\/p>\n<p>Dijital Fiyat Ekran\u0131 Projesi<br \/>\n<br \/>Manisa Kuyumcular ve Sarraflar Derne\u011fi\u2019nin 27 A\u011fustos\u2019ta yap\u0131lacak olan se\u00e7imlerinde ba\u015fkan adayl\u0131\u011f\u0131n\u0131 a\u00e7\u0131klayan Be\u011fendik, &#8220;Temsil g\u00fcc\u00fcn\u00fc sa\u011flad\u0131\u011f\u0131m\u0131z takdirde halk\u0131m\u0131z ile esnaf\u0131m\u0131z aras\u0131ndaki g\u00fcveni g\u00fc\u00e7lendirecek yenilik\u00e7i bir aplikasyona ad\u0131m at\u0131yoruz. Geli\u015ftirece\u011fimiz iOS ve Android tabanl\u0131 mobil uygulama ile alt\u0131n ve k\u0131ymetli maden fiyatlar\u0131n\u0131n g\u00fcncel, \u015feffaf ve g\u00fcvenilir \u015fekilde takip edilmesini sa\u011flayaca\u011f\u0131z. Dijital Fiyat Ekran\u0131 Projesi ile Manisa halk\u0131, alt\u0131n fiyatlar\u0131n\u0131 anl\u0131k olarak takip edebilecek, esnaf\u0131m\u0131z g\u00fcvenilir bir referans ekran\u0131na sahip olacak, sekt\u00f6r\u00fcm\u00fcz \u015feffafl\u0131k ve g\u00fcvenilirlik a\u00e7\u0131s\u0131ndan daha geni\u015f kitlelere hitap edecek. Hedefimiz, teknolojiyi kuyumculuk sekt\u00f6r\u00fcne entegre ederek hem vatanda\u015f\u0131m\u0131z\u0131n hem de esnaf\u0131m\u0131z\u0131n ihtiya\u00e7 duydu\u011fu g\u00fcven ortam\u0131n\u0131 dijital d\u00fcnyaya ta\u015f\u0131makt\u0131r. Bu vizyoner ad\u0131m, Manisa kuyumculuk sekt\u00f6r\u00fcn\u00fc daha eri\u015filebilir, daha g\u00fcvenilir ve daha g\u00fc\u00e7l\u00fc bir noktaya ta\u015f\u0131yacakt\u0131r.&#8221; diye konu\u015ftu.<\/p>\n<p>Federasyona ad\u0131m ad\u0131m<br \/>\n<br \/>Ayr\u0131ca Kuyumcular\u0131 ilgilendiren en \u00f6nemli konulardan birisinin de federasyon \u00e7al\u0131\u015fmas\u0131 oldu\u011funu ifade eden Be\u011fendik, &#8220;T\u00fcrkiye geneli oda ve dernek ba\u015fkanlar\u0131 ile yapt\u0131\u011f\u0131m\u0131z isti\u015fareler neticesinde ad\u0131m ad\u0131m federasyona do\u011fru gidi\u015fte eksikler tamamlanmaya \u00e7al\u0131\u015f\u0131l\u0131yor. Bu in\u015fallah mesle\u011fimizde milat olacak. Bunun m\u00fcjdesini de \u015fimdiden vermi\u015f olal\u0131m.&#8221; dedi.<br \/><\/p>\n","protected":false},"excerpt":{"rendered":"<p>Manisa Kuyumcular ve Sarraflar Derne\u011fi Ba\u015fkanl\u0131\u011f\u0131na adayl\u0131\u011f\u0131n\u0131 a\u00e7\u0131klayan Atilla Be\u011fendik, &#8220;Halk\u0131m\u0131z ile esnaf\u0131m\u0131z aras\u0131ndaki g\u00fcveni g\u00fc\u00e7lendirecek yenilik\u00e7i bir aplikasyona ad\u0131m at\u0131yoruz.&#8221; diyerek hayata ge\u00e7irecekleri Dijital Fiyat Ekran\u0131 Projesinden bahsetti. Manisa\u2019da 27 A\u011fustos\u2019ta tarihinde ola\u011fan\u00fcst\u00fc genel kurul toplant\u0131s\u0131n\u0131n yap\u0131laca\u011f\u0131 Manisa Kuyumcular ve Sarraflar Derne\u011fi\u2019nde ba\u015fkan aday\u0131 olan Atilla Be\u011fendik, \u00fcye esnaflar\u0131 ziyaret ederek hayata ge\u00e7irece\u011fi yenilik\u00e7i&#8230;<\/p>\n","protected":false},"author":1,"featured_media":51011,"comment_status":"open","ping_status":"open","sticky":false,"template":"","format":"standard","meta":{"_crdt_document":"","footnotes":""},"categories":[125],"tags":[],"class_list":["post-51010","post","type-post","status-publish","format-standard","has-post-thumbnail","hentry","category-ekonomi"],"_links":{"self":[{"href":"https:\/\/www.egemtv.com\/index.php?rest_route=\/wp\/v2\/posts\/51010","targetHints":{"allow":["GET"]}}],"collection":[{"href":"https:\/\/www.egemtv.com\/index.php?rest_route=\/wp\/v2\/posts"}],"about":[{"href":"https:\/\/www.egemtv.com\/index.php?rest_route=\/wp\/v2\/types\/post"}],"author":[{"embeddable":true,"href":"https:\/\/www.egemtv.com\/index.php?rest_route=\/wp\/v2\/users\/1"}],"replies":[{"embeddable":true,"href":"https:\/\/www.egemtv.com\/index.php?rest_route=%2Fwp%2Fv2%2Fcomments&post=51010"}],"version-history":[{"count":1,"href":"https:\/\/www.egemtv.com\/index.php?rest_route=\/wp\/v2\/posts\/51010\/revisions"}],"predecessor-version":[{"id":51012,"href":"https:\/\/www.egemtv.com\/index.php?rest_route=\/wp\/v2\/posts\/51010\/revisions\/51012"}],"wp:featuredmedia":[{"embeddable":true,"href":"https:\/\/www.egemtv.com\/index.php?rest_route=\/wp\/v2\/media\/51011"}],"wp:attachment":[{"href":"https:\/\/www.egemtv.com\/index.php?rest_route=%2Fwp%2Fv2%2Fmedia&parent=51010"}],"wp:term":[{"taxonomy":"category","embeddable":true,"href":"https:\/\/www.egemtv.com\/index.php?rest_route=%2Fwp%2Fv2%2Fcategories&post=51010"},{"taxonomy":"post_tag","embeddable":true,"href":"https:\/\/www.egemtv.com\/index.php?rest_route=%2Fwp%2Fv2%2Ftags&post=51010"}],"curies":[{"name":"wp","href":"https:\/\/api.w.org\/{rel}","templated":true}]}}