{"id":51007,"date":"2025-08-25T12:14:51","date_gmt":"2025-08-25T09:14:51","guid":{"rendered":"https:\/\/www.egemtv.com\/?p=51007"},"modified":"2025-08-25T12:14:52","modified_gmt":"2025-08-25T09:14:52","slug":"domuz-sanip-ates-etti-komsusunu-vurdu","status":"publish","type":"post","link":"https:\/\/www.egemtv.com\/?p=51007","title":{"rendered":"Domuz san\u0131p ate\u015f etti, kom\u015fusunu vurdu"},"content":{"rendered":"<p>Ayd\u0131n\u2019\u0131n Germencik il\u00e7esinde iddiaya g\u00f6re bah\u00e7esindeki a\u011fa\u00e7lar\u0131n aras\u0131ndaki hareketleri domuz sanarak ate\u015f eden \u015fah\u0131s kom\u015fusunu yaralad\u0131.<\/p>\n<p>Olay, Da\u011fkaraa\u011fa\u00e7 Mahallesi\u2019nde 24 A\u011fustos Pazar g\u00fcn\u00fc gece saatlerinde meydana geldi. Edinilen bilgiye g\u00f6re, evinin \u00f6n\u00fcndeki bah\u00e7edeki a\u011fa\u00e7lar\u0131n aras\u0131ndaki hareketlili\u011fi domuz sanan S.E. karanl\u0131\u011fa do\u011fru balkondan t\u00fcfe\u011fini ate\u015fledi. Bah\u00e7eden insan sesinin y\u00fckselmesi \u00fczerine bah\u00e7eye inen S.E., ate\u015f a\u00e7arak vurdu\u011fu ki\u015finin kom\u015fusu C.D. oldu\u011funu fark etti. 112 Acil \u00c7a\u011fr\u0131 Merkezi\u2019ne yap\u0131lan ihbar \u00fczerine b\u00f6lgeye sa\u011fl\u0131k ve jandarma ekipleri sevk edildi. K\u0131sa s\u00fcrede olay yerine gelen sa\u011fl\u0131k ekipleri bacaklar\u0131na sa\u00e7ma isabet eden \u015fah\u0131s ilk m\u00fcdahalesinin ard\u0131ndan ambulansla hastaneye kald\u0131r\u0131ld\u0131. Hastanede tedavi alt\u0131na al\u0131nan yaral\u0131n\u0131n hayati tehlikesinin olmad\u0131\u011f\u0131 \u00f6\u011frenilirken, S.E. ise g\u00f6zalt\u0131na al\u0131nd\u0131.<\/p>\n<p>Olayla ilgili soru\u015fturma s\u00fcr\u00fcyor.<br \/><\/p>\n","protected":false},"excerpt":{"rendered":"<p>Ayd\u0131n\u2019\u0131n Germencik il\u00e7esinde iddiaya g\u00f6re bah\u00e7esindeki a\u011fa\u00e7lar\u0131n aras\u0131ndaki hareketleri domuz sanarak ate\u015f eden \u015fah\u0131s kom\u015fusunu yaralad\u0131. Olay, Da\u011fkaraa\u011fa\u00e7 Mahallesi\u2019nde 24 A\u011fustos Pazar g\u00fcn\u00fc gece saatlerinde meydana geldi. Edinilen bilgiye g\u00f6re, evinin \u00f6n\u00fcndeki bah\u00e7edeki a\u011fa\u00e7lar\u0131n aras\u0131ndaki hareketlili\u011fi domuz sanan S.E. karanl\u0131\u011fa do\u011fru balkondan t\u00fcfe\u011fini ate\u015fledi. Bah\u00e7eden insan sesinin y\u00fckselmesi \u00fczerine bah\u00e7eye inen S.E., ate\u015f a\u00e7arak vurdu\u011fu&#8230;<\/p>\n","protected":false},"author":1,"featured_media":51008,"comment_status":"open","ping_status":"open","sticky":false,"template":"","format":"standard","meta":{"_crdt_document":"","footnotes":""},"categories":[5],"tags":[],"class_list":["post-51007","post","type-post","status-publish","format-standard","has-post-thumbnail","hentry","category-asayis"],"_links":{"self":[{"href":"https:\/\/www.egemtv.com\/index.php?rest_route=\/wp\/v2\/posts\/51007","targetHints":{"allow":["GET"]}}],"collection":[{"href":"https:\/\/www.egemtv.com\/index.php?rest_route=\/wp\/v2\/posts"}],"about":[{"href":"https:\/\/www.egemtv.com\/index.php?rest_route=\/wp\/v2\/types\/post"}],"author":[{"embeddable":true,"href":"https:\/\/www.egemtv.com\/index.php?rest_route=\/wp\/v2\/users\/1"}],"replies":[{"embeddable":true,"href":"https:\/\/www.egemtv.com\/index.php?rest_route=%2Fwp%2Fv2%2Fcomments&post=51007"}],"version-history":[{"count":1,"href":"https:\/\/www.egemtv.com\/index.php?rest_route=\/wp\/v2\/posts\/51007\/revisions"}],"predecessor-version":[{"id":51009,"href":"https:\/\/www.egemtv.com\/index.php?rest_route=\/wp\/v2\/posts\/51007\/revisions\/51009"}],"wp:featuredmedia":[{"embeddable":true,"href":"https:\/\/www.egemtv.com\/index.php?rest_route=\/wp\/v2\/media\/51008"}],"wp:attachment":[{"href":"https:\/\/www.egemtv.com\/index.php?rest_route=%2Fwp%2Fv2%2Fmedia&parent=51007"}],"wp:term":[{"taxonomy":"category","embeddable":true,"href":"https:\/\/www.egemtv.com\/index.php?rest_route=%2Fwp%2Fv2%2Fcategories&post=51007"},{"taxonomy":"post_tag","embeddable":true,"href":"https:\/\/www.egemtv.com\/index.php?rest_route=%2Fwp%2Fv2%2Ftags&post=51007"}],"curies":[{"name":"wp","href":"https:\/\/api.w.org\/{rel}","templated":true}]}}