{"id":51004,"date":"2025-08-25T12:14:50","date_gmt":"2025-08-25T09:14:50","guid":{"rendered":"https:\/\/www.egemtv.com\/?p=51004"},"modified":"2025-08-25T12:14:51","modified_gmt":"2025-08-25T09:14:51","slug":"manisada-yoruk-senligi-renkli-goruntulere-sahne-oldu","status":"publish","type":"post","link":"https:\/\/www.egemtv.com\/?p=51004","title":{"rendered":"Manisa\u2019da Y\u00f6r\u00fck \u015eenli\u011fi renkli g\u00f6r\u00fcnt\u00fclere sahne oldu"},"content":{"rendered":"<p>Manisa\u2019n\u0131n Selendi il\u00e7esinde bu y\u0131l 4\u2019\u00fcnc\u00fcs\u00fc d\u00fczenlenen Ovac\u0131k Yaylas\u0131 Y\u00f6r\u00fck \u015eenli\u011fi, renkli g\u00f6r\u00fcnt\u00fclere sahne oldu.<br \/>\n<br \/>Manisa\u2019n\u0131n Selendi il\u00e7esinde \u00c7amp\u0131nar, \u00c7amyayla ve \u00c7al\u0131kl\u0131 Y\u00f6r\u00fckleri Yard\u0131mla\u015fma ve Dayan\u0131\u015fma Derne\u011fi \u00f6nc\u00fcl\u00fc\u011f\u00fcnde, Selendi Belediyesi ve Manisa B\u00fcy\u00fck\u015fehir Belediyesi\u2019nin katk\u0131lar\u0131yla ger\u00e7ekle\u015ftirilen 4\u2019\u00fcnc\u00fc Ovac\u0131k Yaylas\u0131 Y\u00f6r\u00fck \u015eenli\u011fi yo\u011fun kat\u0131l\u0131mla yap\u0131ld\u0131.<br \/>\n<br \/>Program, haf\u0131z ve mevlithanlar Harun Demirba\u015f, As\u0131m Altun ve Aziz Altun\u2019un okudu\u011fu Kur\u2019an-\u0131 Kerim, ilahiler ve dualarla ba\u015flad\u0131. Selendi Atl\u0131 Cirit Spor Kul\u00fcb\u00fc, Beyp\u0131nar Atl\u0131 Cirit Spor Kul\u00fcb\u00fc, Karabeyler Atl\u0131 Cirit Spor Kul\u00fcb\u00fc ve U\u015fak Geleneksel Atl\u0131 Cirit Spor Kul\u00fcb\u00fc\u2019n\u00fcn cirit g\u00f6sterileri ise izleyicilerden b\u00fcy\u00fck ilgi g\u00f6rd\u00fc.<br \/>\n<br \/>\u015eenli\u011fin resmi a\u00e7\u0131l\u0131\u015f\u0131 sayg\u0131 duru\u015funda bulunulmas\u0131 ve \u0130stiklal Mar\u015f\u0131 ile yap\u0131l\u0131rken, program\u0131n sunuculu\u011funu Sebile Eke \u00fcstlendi. Dernek Ba\u015fkan\u0131 \u00dcmit \u00d6z konu\u015fmas\u0131nda, Y\u00f6r\u00fckleri tek \u00e7at\u0131 alt\u0131nda toplama hayalini ger\u00e7ekle\u015ftirdiklerini belirterek destek veren kurum ve kurulu\u015flara te\u015fekk\u00fcr etti.<br \/>\n<br \/>Selendi Belediye Ba\u015fkan\u0131 Murat Daban da yapt\u0131\u011f\u0131 konu\u015fmada, Y\u00f6r\u00fcklerin T\u00fcrk k\u00fclt\u00fcr\u00fcn\u00fcn en \u00f6nemli yap\u0131 ta\u015flar\u0131ndan biri oldu\u011funa vurgu yaparak, &#8220;Bu \u015fenlik birlik ve beraberli\u011fimizi g\u00fc\u00e7lendiriyor, k\u00fclt\u00fcrel miras\u0131m\u0131z\u0131 gelecek nesillere aktarmam\u0131za vesile oluyor&#8221; dedi.<br \/>\n<br \/>Konu\u015fmalar\u0131n ard\u0131ndan sahneye \u00e7\u0131kan y\u00f6resel sanat\u00e7\u0131 Recep Karaku\u015f, Y\u00f6r\u00fck sanat\u00e7\u0131lar\u0131 U\u011fur \u00d6n\u00fcr ve Zeynep \u0130lhan ile alan\u0131 dolduran binlerce vatanda\u015fa unutulmaz anlar ya\u015fatt\u0131.<br \/>\n<br \/>Etkinlik kapsam\u0131nda katk\u0131 sa\u011flayan ki\u015fi ve kurumlara plaket takdim edilirken, dev kazanlarda pi\u015firilen kavurma, pilav ve ayran davetlilere ikram edildi. 2025 y\u0131l\u0131n\u0131n &#8220;Y\u00f6r\u00fck Beyi&#8221; ise \u00fcnl\u00fc i\u015f insan\u0131 Zafer Ero\u011flu se\u00e7ildi.<br \/>\n<br \/>\u015eenli\u011fe; Selendi Kaymakam Vekili Talha Altunta\u015f, Manisa B\u00fcy\u00fck\u015fehir Belediye Ba\u015fkan Vekili Ya\u011f\u0131z Kaya, Selendi Belediye Ba\u015fkan\u0131 Murat Daban, Kula Belediye Ba\u015fkan Vekili Mehmet U\u00e7ak, Selendi \u0130l\u00e7e Jandarma Komutan\u0131 Te\u011fmen Yunus Emre Kurt, siyasi partilerin il\u00e7e ba\u015fkanlar\u0131, sivil toplum kurulu\u015fu temsilcileri, muhtarlar ve yakla\u015f\u0131k 8 bin vatanda\u015f kat\u0131ld\u0131.<br \/><\/p>\n","protected":false},"excerpt":{"rendered":"<p>Manisa\u2019n\u0131n Selendi il\u00e7esinde bu y\u0131l 4\u2019\u00fcnc\u00fcs\u00fc d\u00fczenlenen Ovac\u0131k Yaylas\u0131 Y\u00f6r\u00fck \u015eenli\u011fi, renkli g\u00f6r\u00fcnt\u00fclere sahne oldu. Manisa\u2019n\u0131n Selendi il\u00e7esinde \u00c7amp\u0131nar, \u00c7amyayla ve \u00c7al\u0131kl\u0131 Y\u00f6r\u00fckleri Yard\u0131mla\u015fma ve Dayan\u0131\u015fma Derne\u011fi \u00f6nc\u00fcl\u00fc\u011f\u00fcnde, Selendi Belediyesi ve Manisa B\u00fcy\u00fck\u015fehir Belediyesi\u2019nin katk\u0131lar\u0131yla ger\u00e7ekle\u015ftirilen 4\u2019\u00fcnc\u00fc Ovac\u0131k Yaylas\u0131 Y\u00f6r\u00fck \u015eenli\u011fi yo\u011fun kat\u0131l\u0131mla yap\u0131ld\u0131. Program, haf\u0131z ve mevlithanlar Harun Demirba\u015f, As\u0131m Altun ve Aziz Altun\u2019un&#8230;<\/p>\n","protected":false},"author":1,"featured_media":51005,"comment_status":"open","ping_status":"open","sticky":false,"template":"","format":"standard","meta":{"_crdt_document":"","footnotes":""},"categories":[1],"tags":[],"class_list":["post-51004","post","type-post","status-publish","format-standard","has-post-thumbnail","hentry","category-guncel"],"_links":{"self":[{"href":"https:\/\/www.egemtv.com\/index.php?rest_route=\/wp\/v2\/posts\/51004","targetHints":{"allow":["GET"]}}],"collection":[{"href":"https:\/\/www.egemtv.com\/index.php?rest_route=\/wp\/v2\/posts"}],"about":[{"href":"https:\/\/www.egemtv.com\/index.php?rest_route=\/wp\/v2\/types\/post"}],"author":[{"embeddable":true,"href":"https:\/\/www.egemtv.com\/index.php?rest_route=\/wp\/v2\/users\/1"}],"replies":[{"embeddable":true,"href":"https:\/\/www.egemtv.com\/index.php?rest_route=%2Fwp%2Fv2%2Fcomments&post=51004"}],"version-history":[{"count":1,"href":"https:\/\/www.egemtv.com\/index.php?rest_route=\/wp\/v2\/posts\/51004\/revisions"}],"predecessor-version":[{"id":51006,"href":"https:\/\/www.egemtv.com\/index.php?rest_route=\/wp\/v2\/posts\/51004\/revisions\/51006"}],"wp:featuredmedia":[{"embeddable":true,"href":"https:\/\/www.egemtv.com\/index.php?rest_route=\/wp\/v2\/media\/51005"}],"wp:attachment":[{"href":"https:\/\/www.egemtv.com\/index.php?rest_route=%2Fwp%2Fv2%2Fmedia&parent=51004"}],"wp:term":[{"taxonomy":"category","embeddable":true,"href":"https:\/\/www.egemtv.com\/index.php?rest_route=%2Fwp%2Fv2%2Fcategories&post=51004"},{"taxonomy":"post_tag","embeddable":true,"href":"https:\/\/www.egemtv.com\/index.php?rest_route=%2Fwp%2Fv2%2Ftags&post=51004"}],"curies":[{"name":"wp","href":"https:\/\/api.w.org\/{rel}","templated":true}]}}