{"id":51001,"date":"2025-08-25T12:14:49","date_gmt":"2025-08-25T09:14:49","guid":{"rendered":"https:\/\/www.egemtv.com\/?p=51001"},"modified":"2025-08-25T12:14:50","modified_gmt":"2025-08-25T09:14:50","slug":"dso-3-meslek-komitesi-uyeleri-denizli-teknik-tekstil-merkezini-ziyaret-etti","status":"publish","type":"post","link":"https:\/\/www.egemtv.com\/?p=51001","title":{"rendered":"DSO 3. Meslek Komitesi \u00fcyeleri, Denizli Teknik Tekstil Merkezini ziyaret etti"},"content":{"rendered":"<p>Denizli Ticaret Odas\u0131\u2019n\u0131n (DTO) Denizli Organize Sanayi B\u00f6lgesinde bulunan Denizli Teknik Tekstil Merkezine (DTTM) duyulan ilgi her ge\u00e7en g\u00fcn art\u0131yor. Ara\u015ft\u0131rma Geli\u015ftirme (Ar-Ge) ve \u00dcr\u00fcn Geli\u015ftirme (\u00dcr-Ge) \u00e7al\u0131\u015fmalar\u0131n\u0131n merkezi haline gelen DTTM, bu kez Denizli Sanayi Odas\u0131 (DSO) 3. Meslek Komitesi \u00dcyesi sanayici i\u015f insanlar\u0131n\u0131 a\u011f\u0131rlad\u0131.<\/p>\n<p>Yurt genelinden firmalar\u0131n, ara\u015ft\u0131rmac\u0131lar\u0131n ve akademisyenlerin AR-GE ve \u00dcR-GE \u00e7al\u0131\u015fmalar\u0131n\u0131n merkezi haline gelen DTO\u2019n\u0131n OSB\u2019de ki Denizli Teknik Tekstil Merkezine DSO\u2019nun 3. Meslek Komitesi \u00dcyesi sanayici i\u015f insanlar\u0131 ziyaret etti. DSO 3. Meslek Komitesi Ba\u015fkan\u0131 Ender G\u00f6k, &#8220;Denizli\u2019miz ve sanayicimiz i\u00e7in \u00e7ok g\u00fczel bir ortam ve imkan olu\u015fturulmu\u015f, eme\u011fi ge\u00e7en herkese te\u015fekk\u00fcr ederiz. Ba\u015fta bu sekt\u00f6rde yer alan arkada\u015flar\u0131m\u0131z olmak \u00fczere t\u00fcm sanayicilerimize bizzat gelerek t\u00fcm bunlar\u0131 yerinde g\u00f6rmelerini tavsiye ediyoruz&#8221; dedi.<br \/>\n<br \/>Denizli Sanayi Odas\u0131 (DSO) 3. Grup Tekstil Ham Bez Dokuma Meslek Komitesi Ba\u015fkan\u0131 ve ENDER Tekstil San. ve Tic. Ltd. \u015eti.\u2019nin Y\u00f6netim Kurulu Ba\u015fkan\u0131 Ender G\u00f6k, aralar\u0131nda ayn\u0131 meslek komitesinden DSO Y\u00f6netim Kurulu \u00dcyesi NESA Tekstil San. ve Tic. A\u015e\u2019nin Y\u00f6netim Kurulu Ba\u015fkan\u0131 Ali Fuat \u00d6zel ve ZEYD Tekstil \u0130n\u015faat Hayvanc\u0131l\u0131k \u0130thalat \u0130hracat Anonim \u015eirketi\u2019nin CEO\u2019su Sakin Yal\u00e7\u0131n ile DSO \u0130hracat \u0130\u015flemeleri ve Te\u015fvikler Uzman\u0131 Asl\u0131 \u00d6zt\u00fcrk ve DSO Kalite Y\u00f6netim Sistemleri Uzman\u0131 \u00d6zg\u00fcr G\u00fcls\u00fcn Eren\u2019in de yer ald\u0131\u011f\u0131 teknik bir heyetle, Denizli Ticaret Odas\u0131\u2019n\u0131n (DTO) Denizli Teknik Tekstil Merkezi\u2019ni (DTTM) ziyaret etti. DTTM Sorumlusu Y\u00fcksek Tekstil M\u00fchendisi Ozan Parer\u2019den merkezin faaliyetleri, hizmetleri, makine park\u0131 ve i\u015fleyi\u015fi ile ilgili ayr\u0131nt\u0131l\u0131 bilgi ald\u0131.<br \/>\n<br \/>Ziyarette, teknik tekstil alan\u0131ndaki yenilik\u00e7i uygulamalar, AR-GE faaliyetleri ve \u00fcretim altyap\u0131lar\u0131 ile sekt\u00f6re sa\u011flayaca\u011f\u0131 katk\u0131lar da ele al\u0131nd\u0131.<\/p>\n<p>DTO\u2019ya te\u015fekk\u00fcr ettiler<br \/>\n<br \/>DSO 3. Grup Meslek Komitesi Ba\u015fkan\u0131 G\u00f6k, sanayicilerle teknik tekstil ve tekstille ilgili i\u015f birli\u011fi yap\u0131labilecek alanlar\u0131 s\u00fcrekli isti\u015fare ettiklerini belirterek Denizli Ticaret Odas\u0131\u2019n\u0131n bu konuda \u00f6nc\u00fc oldu\u011funa dikkat \u00e7ekti ve verimli bir ziyarette bulunduklar\u0131n\u0131, Denizli Teknik Tekstil Merkezi, hizmetleri ve imkanlar\u0131 hakk\u0131nda ayr\u0131nt\u0131l\u0131 bilgi ald\u0131klar\u0131n\u0131, bunlar\u0131n Denizli sanayisine katk\u0131s\u0131n\u0131n el birli\u011fi ile art\u0131r\u0131lmas\u0131 gerekti\u011fini vurgulad\u0131. Gerek merkezin faaliyetleri gerekse AR-GE ve \u00dcR-GE\u2019de bunlardan nas\u0131l faydalanabilecekleriyle ilgili bilgilendirildiklerini de s\u00f6yleyen G\u00f6k, &#8220;Denizli\u2019miz ve sanayicimiz i\u00e7in \u00e7ok g\u00fczel bir ortam ve imkan olu\u015fturulmu\u015f, eme\u011fi ge\u00e7en herkese te\u015fekk\u00fcr ederiz. Buras\u0131 t\u00fcm firmalara a\u00e7\u0131k olan b\u00fcy\u00fck bir AR-GE ve \u00dcR-GE merkezi olmu\u015f. Ba\u015fta bu sekt\u00f6rde yer alan arkada\u015flar\u0131m\u0131z olmak \u00fczere t\u00fcm sanayicilerimize bizzat gelerek t\u00fcm bunlar\u0131 yerinde g\u00f6rmelerini tavsiye ediyoruz. Merkezde en \u00e7ok hammaddeden yeni teknik \u00fcr\u00fcnlerin elde edilmesi dikkatimizi \u00e7ekti. Ayr\u0131ca yapay damar yap\u0131labilece\u011fini g\u00f6rd\u00fck, bu bizi daha da \u00e7ok etkiledi&#8221; dedi.<\/p>\n<p>Ba\u015fkan Erdo\u011fan: &#8220;Merkezimiz, ba\u015fta denizli olmak \u00fczere t\u00fcm t\u00fcrkiye\u2019nin hizmetinde&#8221;<br \/>\n<br \/>DTO Y\u00f6netim Kurulu Ba\u015fkan\u0131 U\u011fur Erdo\u011fan ise etkinlikle ilgili de\u011ferlendirmesinde, konuklar\u0131na g\u00f6sterdikleri ilgiden ve ziyaretlerinden dolay\u0131, DTTM Sorumlusu Parer\u2019e de eme\u011fi ve misafirperverli\u011finden dolay\u0131 te\u015fekk\u00fcr ederek \u00e7al\u0131\u015fmalar\u0131nda kolayl\u0131klar diledi. Ba\u015fkan Erdo\u011fan, &#8220;Bu merkez, bizim g\u00f6zbebe\u011fimiz. Denizli sanayisinin, haz\u0131r giyim ve tekstil sekt\u00f6r\u00fcn\u00fcn kendini g\u00fcncelleyip teknolojik geli\u015fmelere adapte olmas\u0131nda rehberlik eden, dan\u0131\u015fmanl\u0131k hizmeti veren, son teknoloji makine park\u0131n\u0131 ve imkanlar\u0131n\u0131 sonuna kadar \u00f6nlerine seren \u00fclkemizde bir benzeri daha bulunmayan \u00f6nemli bir yap\u0131. Buradan en iyi \u015fekilde faydalanmal\u0131y\u0131z. Herkesi davet ediyoruz, yerinde g\u00f6rmeye bekliyoruz. Ba\u015fta Denizli\u2019miz ve kom\u015fu illerimiz olmak \u00fczere t\u00fcm T\u00fcrkiye\u2019ye hizmet veriyoruz&#8221; dedi.<br \/><\/p>\n","protected":false},"excerpt":{"rendered":"<p>Denizli Ticaret Odas\u0131\u2019n\u0131n (DTO) Denizli Organize Sanayi B\u00f6lgesinde bulunan Denizli Teknik Tekstil Merkezine (DTTM) duyulan ilgi her ge\u00e7en g\u00fcn art\u0131yor. Ara\u015ft\u0131rma Geli\u015ftirme (Ar-Ge) ve \u00dcr\u00fcn Geli\u015ftirme (\u00dcr-Ge) \u00e7al\u0131\u015fmalar\u0131n\u0131n merkezi haline gelen DTTM, bu kez Denizli Sanayi Odas\u0131 (DSO) 3. Meslek Komitesi \u00dcyesi sanayici i\u015f insanlar\u0131n\u0131 a\u011f\u0131rlad\u0131. Yurt genelinden firmalar\u0131n, ara\u015ft\u0131rmac\u0131lar\u0131n ve akademisyenlerin AR-GE ve \u00dcR-GE&#8230;<\/p>\n","protected":false},"author":1,"featured_media":51002,"comment_status":"open","ping_status":"open","sticky":false,"template":"","format":"standard","meta":{"_crdt_document":"","footnotes":""},"categories":[125],"tags":[],"class_list":["post-51001","post","type-post","status-publish","format-standard","has-post-thumbnail","hentry","category-ekonomi"],"_links":{"self":[{"href":"https:\/\/www.egemtv.com\/index.php?rest_route=\/wp\/v2\/posts\/51001","targetHints":{"allow":["GET"]}}],"collection":[{"href":"https:\/\/www.egemtv.com\/index.php?rest_route=\/wp\/v2\/posts"}],"about":[{"href":"https:\/\/www.egemtv.com\/index.php?rest_route=\/wp\/v2\/types\/post"}],"author":[{"embeddable":true,"href":"https:\/\/www.egemtv.com\/index.php?rest_route=\/wp\/v2\/users\/1"}],"replies":[{"embeddable":true,"href":"https:\/\/www.egemtv.com\/index.php?rest_route=%2Fwp%2Fv2%2Fcomments&post=51001"}],"version-history":[{"count":1,"href":"https:\/\/www.egemtv.com\/index.php?rest_route=\/wp\/v2\/posts\/51001\/revisions"}],"predecessor-version":[{"id":51003,"href":"https:\/\/www.egemtv.com\/index.php?rest_route=\/wp\/v2\/posts\/51001\/revisions\/51003"}],"wp:featuredmedia":[{"embeddable":true,"href":"https:\/\/www.egemtv.com\/index.php?rest_route=\/wp\/v2\/media\/51002"}],"wp:attachment":[{"href":"https:\/\/www.egemtv.com\/index.php?rest_route=%2Fwp%2Fv2%2Fmedia&parent=51001"}],"wp:term":[{"taxonomy":"category","embeddable":true,"href":"https:\/\/www.egemtv.com\/index.php?rest_route=%2Fwp%2Fv2%2Fcategories&post=51001"},{"taxonomy":"post_tag","embeddable":true,"href":"https:\/\/www.egemtv.com\/index.php?rest_route=%2Fwp%2Fv2%2Ftags&post=51001"}],"curies":[{"name":"wp","href":"https:\/\/api.w.org\/{rel}","templated":true}]}}