{"id":50998,"date":"2025-08-25T12:14:48","date_gmt":"2025-08-25T09:14:48","guid":{"rendered":"https:\/\/www.egemtv.com\/?p=50998"},"modified":"2025-08-25T12:14:49","modified_gmt":"2025-08-25T09:14:49","slug":"osmanlinin-kayip-gemisi-datca-aciklarinda-bulundu","status":"publish","type":"post","link":"https:\/\/www.egemtv.com\/?p=50998","title":{"rendered":"Osmanl\u0131\u2019n\u0131n kay\u0131p gemisi Dat\u00e7a a\u00e7\u0131klar\u0131nda bulundu"},"content":{"rendered":"<p>Mu\u011fla\u2019n\u0131n Dat\u00e7a il\u00e7esi a\u00e7\u0131klar\u0131nda Osmanl\u0131\u2019ya ait \u00e7at\u0131\u015fmada vurulan, k\u0131y\u0131ya s\u00fcr\u00fcklenen ve alev alarak batan kay\u0131p gemi bulundu. K\u00fclt\u00fcr ve Turizm Bakan\u0131 Mehmet Nuri Ersoy, Akdeniz\u2019de ula\u015f\u0131lan bat\u0131k ile ilgili yapt\u0131\u011f\u0131 payla\u015f\u0131mda, bu ke\u015ffin yaln\u0131zca T\u00fcrkiye\u2019nin de\u011fil d\u00fcnya sualt\u0131 arkeolojisinin de en \u00e7arp\u0131c\u0131 buluntular\u0131ndan biri olarak tarihe ge\u00e7ti\u011fini belirtti.<br \/>\n<br \/>K\u00fclt\u00fcr ve Turizm Bakanl\u0131\u011f\u0131n\u0131n Gelece\u011fe Miras projesi kapsam\u0131nda y\u00fcr\u00fct\u00fclen K\u0131zlan Osmanl\u0131 Bat\u0131\u011f\u0131 Sualt\u0131 Kaz\u0131s\u0131nda bu y\u0131l ula\u015f\u0131lan buluntular tarihe \u0131\u015f\u0131k tuttu. Mu\u011fla\u2019^n\u0131n Dat\u00e7a il\u00e7esi a\u00e7\u0131klar\u0131nda, Prof. Dr. Harun \u00d6zda\u015f\u2019\u0131n ba\u015fkanl\u0131\u011f\u0131 ve Do\u00e7. Dr. Nilhan K\u0131zlda\u011f\u2019\u0131n yard\u0131mc\u0131l\u0131\u011f\u0131nda y\u00fcr\u00fct\u00fclen \u00e7al\u0131\u015fmalar, T\u00fcrkiye\u2019nin sualt\u0131 arkeolojisinde ula\u015ft\u0131\u011f\u0131 liderli\u011fi bir kez daha ortaya koydu.<br \/>\n<br \/>D\u00fcnya sualt\u0131 arkeolojisinin en \u00e7arp\u0131c\u0131 \u00f6rneklerinden<br \/>\n<br \/>K\u00fclt\u00fcr ve Turizm Bakan\u0131 Mehmet Nuri Ersoy, sosyal medya hesab\u0131ndan yapt\u0131\u011f\u0131 payla\u015f\u0131mla duyurdu\u011fu buluntular i\u00e7in d\u00fcnya su alt\u0131 arkeolojisinin en \u00e7arp\u0131c\u0131 buluntular\u0131ndan biri oldu\u011fu vurgusunu yapt\u0131. Bakan Ersoy, Akdeniz\u2019de ula\u015f\u0131lan bat\u0131k ile ilgili yapt\u0131\u011f\u0131 payla\u015f\u0131mda, &#8220;Ecdad\u0131m\u0131z\u0131n izini sadece karada de\u011fil, denizlerde de s\u00fcr\u00fcyoruz. Bakanl\u0131\u011f\u0131m\u0131z\u0131n \u2018Gelece\u011fe Miras Projesi\u2019 ile e\u015fsiz miras\u0131m\u0131z\u0131 koruyarak gelecek ku\u015faklara aktar\u0131yoruz. Bu vizyonun en \u00e7arp\u0131c\u0131 \u00f6rneklerinden biri de Akdeniz\u2019in derinliklerinde y\u00fczy\u0131llar sonra g\u00fcn y\u00fcz\u00fcne \u00e7\u0131kan Osmanl\u0131 bat\u0131\u011f\u0131d\u0131r. K\u0131zlan Osmanl\u0131 Bat\u0131\u011f\u0131 Sualt\u0131 Kaz\u0131s\u0131nda son olarak silahlar, porselenler, satran\u00e7 tak\u0131mlar\u0131 ve tarihe \u0131\u015f\u0131k tutan e\u015fsiz buluntular ortaya \u00e7\u0131kar\u0131ld\u0131&#8221; ifadelerini kulland\u0131.<br \/>\n<br \/>&#8220;Bat\u0131k, Osmanl\u0131\u2019n\u0131n deniz g\u00fcc\u00fc ve ticaretini g\u00fcn\u00fcm\u00fcze ta\u015f\u0131yan ilk \u00f6rnek&#8221;<br \/>\n<br \/>Bakan Ersoy, T\u00fcrkiye\u2019de kaz\u0131s\u0131 yap\u0131lan ilk ve tek 17\u2019nci y\u0131l Osmanl\u0131 bat\u0131\u011f\u0131nda bulunanlara ili\u015fkin, &#8220;T\u00fcrkiye\u2019de kaz\u0131s\u0131 yap\u0131lan ilk ve tek 17\u2019nci y\u00fczy\u0131l Osmanl\u0131 bat\u0131\u011f\u0131nda; 30\u2019dan fazla t\u00fcfek, 50\u2019den fazla humbara, binlerce mermi ve Osmanl\u0131 d\u00f6neminin en b\u00fcy\u00fck pipo koleksiyonu bulundu. Bat\u0131k, Osmanl\u0131\u2019n\u0131n deniz g\u00fcc\u00fc ve ticaretini g\u00fcn\u00fcm\u00fcze ta\u015f\u0131yan ilk \u00f6rnek&#8221; a\u00e7\u0131klamas\u0131nda bulundu.<br \/>\n<br \/>&#8220;\u0130lk kez bir bat\u0131kta 30\u2019dan fazla Osmanl\u0131 t\u00fcfe\u011fi bulundu&#8221;<br \/>\n<br \/>Bu ke\u015ffin yaln\u0131zca T\u00fcrkiye\u2019nin de\u011fil d\u00fcnya sualt\u0131 arkeolojisinin de en \u00e7arp\u0131c\u0131 buluntular\u0131ndan biri olarak tarihe ge\u00e7ti\u011fini belirten Ersoy bu bat\u0131\u011f\u0131n bulunmas\u0131nda eme\u011fi ge\u00e7en herkese te\u015fekk\u00fcr ederek &#8220;T\u00fcrkiye\u2019de kaz\u0131s\u0131 yap\u0131lan ilk ve tek 17\u2019nci y\u00fczy\u0131l Osmanl\u0131 bat\u0131\u011f\u0131 olan gemi, yakla\u015f\u0131k 30 metre uzunlu\u011funda ve 9 metre geni\u015fli\u011finde ah\u015fap kal\u0131nt\u0131lardan olu\u015fuyor. \u00c7al\u0131\u015fmalarda, geminin karaya oturup sancak bordas\u0131na yan yatarak batt\u0131\u011f\u0131 anla\u015f\u0131ld\u0131. K\u0131zlan Osmanl\u0131 Bat\u0131\u011f\u0131 Sualt\u0131 Kaz\u0131s\u0131nda en dikkat \u00e7ekici buluntular askeri m\u00fchimmat grubuna ait. \u0130lk kez bir bat\u0131kta 30\u2019dan fazla Osmanl\u0131 t\u00fcfe\u011fi bulundu. Bunlar\u0131n yan\u0131nda 3 binden fazla kur\u015fun mermi, \u00e7ok say\u0131da barutluk, tabanca, k\u0131l\u0131\u00e7 ve han\u00e7er ele ge\u00e7irildi. 50\u2019den fazla humbara (el bombas\u0131) ise bat\u0131\u011f\u0131 Akdeniz\u2019de bu t\u00fcr m\u00fchimmat ta\u015f\u0131yan tek \u00f6rnek haline getirdi. Geminin pruva ve pupa b\u00f6l\u00fcmlerinde bak\u0131r kaplar, ibrikler, kazan kep\u00e7eleri, seramik \u00e7\u00f6mlekler, tahta ka\u015f\u0131klar, \u015fim\u015fir taraklar, deri mataralar ve sepetler bulundu. Ayr\u0131ca 135 adet Tophane \u00fcretimi pipo l\u00fclesi ile Osmanl\u0131 d\u00f6neminin bilinen en b\u00fcy\u00fck pipo koleksiyonu ortaya \u00e7\u0131kar\u0131ld\u0131. Kaz\u0131da bulunan iki satran\u00e7 tak\u0131m\u0131 ile bambu paketler i\u00e7inde 40\u2019tan fazla \u00c7in porseleni, T\u00fcrkiye karasular\u0131nda ilk kez tespit edildi. Bu buluntular, bilinen sualt\u0131 eserleri aras\u0131nda en b\u00fcy\u00fck koleksiyon olma \u00f6zelli\u011fi ta\u015f\u0131yor&#8221; ifadelerine yer verdi.<br \/>\n<br \/>&#8220;Kestaneler ise geminin k\u0131\u015f aylar\u0131nda batt\u0131\u011f\u0131n\u0131 g\u00f6steriyor&#8221;<br \/>\n<br \/>Bakan Ersoy, \u00e7al\u0131\u015fmalarda 3 adet m\u00fch\u00fcr ortaya \u00e7\u0131kar\u0131ld\u0131\u011f\u0131n\u0131 anlatarak, &#8220;Okunabilen bir m\u00fch\u00fcr \u00fczerinde &#8220;H\u00fcdabende Abdullah Ahmed&#8221; ad\u0131 ve Hicri 1078 (Miladi 1667-1668) tarihi yer al\u0131yor. Bu bulgu sayesinde bat\u0131\u011f\u0131n d\u00f6nemi de net olarak tarihlendirildi. Organik buluntular aras\u0131nda en yo\u011fun grubu olu\u015fturan kestaneler ise geminin k\u0131\u015f aylar\u0131nda batt\u0131\u011f\u0131n\u0131 g\u00f6steriyor&#8221; \u015feklinde konu\u015ftu.<br \/>\n<br \/>Bat\u0131\u011f\u0131n ayn\u0131 zamanda Osmanl\u0131 Devleti\u2019nin 17\u2019nci y\u00fczy\u0131lda Akdeniz\u2019de askeri varl\u0131\u011f\u0131n\u0131 ve ticari faaliyetlerini ayn\u0131 anda belgeleyen ilk \u00f6rne\u011fi oldu\u011funu aktaran Bakan Ersoy, bulgular\u0131n, geminin bir \u00e7at\u0131\u015fma sonras\u0131 k\u0131y\u0131ya s\u00fcr\u00fcklenerek karaya oturdu\u011funu ve burada yanarak batt\u0131\u011f\u0131n\u0131 ortaya koydu\u011funu ifade etti.<br \/>\n<br \/>Bat\u0131\u011f\u0131n m\u00fczeye teslim edilece\u011fine dikkati \u00e7eken Bakan Ersoy, \u015funlar\u0131 kaydetti:<br \/>\n<br \/>&#8220;S\u00fcrd\u00fcr\u00fclen \u00e7al\u0131\u015fmalarda t\u00fcm\u00fcyle kaz\u0131s\u0131 yap\u0131lm\u0131\u015f ilk Osmanl\u0131 d\u00f6nemi bat\u0131\u011f\u0131 belgelenmi\u015f olacak. Buluntular\u0131n tamam\u0131 da Bodrum Sualt\u0131 Arkeoloji M\u00fczesine teslim edilecek. Kaz\u0131 ekibi ise Dokuz Eyl\u00fcl \u00dcniversitesi Sualt\u0131 K\u00fclt\u00fcr Miras\u0131 ve Denizcilik Tarihi Ara\u015ft\u0131rma Merkezinin (SUDEMER) teknik altyap\u0131s\u0131yla \u00e7al\u0131\u015fmalar\u0131n\u0131 s\u00fcrd\u00fcr\u00fcyor.&#8221;<br \/><\/p>\n","protected":false},"excerpt":{"rendered":"<p>Mu\u011fla\u2019n\u0131n Dat\u00e7a il\u00e7esi a\u00e7\u0131klar\u0131nda Osmanl\u0131\u2019ya ait \u00e7at\u0131\u015fmada vurulan, k\u0131y\u0131ya s\u00fcr\u00fcklenen ve alev alarak batan kay\u0131p gemi bulundu. K\u00fclt\u00fcr ve Turizm Bakan\u0131 Mehmet Nuri Ersoy, Akdeniz\u2019de ula\u015f\u0131lan bat\u0131k ile ilgili yapt\u0131\u011f\u0131 payla\u015f\u0131mda, bu ke\u015ffin yaln\u0131zca T\u00fcrkiye\u2019nin de\u011fil d\u00fcnya sualt\u0131 arkeolojisinin de en \u00e7arp\u0131c\u0131 buluntular\u0131ndan biri olarak tarihe ge\u00e7ti\u011fini belirtti. K\u00fclt\u00fcr ve Turizm Bakanl\u0131\u011f\u0131n\u0131n Gelece\u011fe Miras projesi&#8230;<\/p>\n","protected":false},"author":1,"featured_media":50999,"comment_status":"open","ping_status":"open","sticky":false,"template":"","format":"standard","meta":{"_crdt_document":"","footnotes":""},"categories":[1],"tags":[],"class_list":["post-50998","post","type-post","status-publish","format-standard","has-post-thumbnail","hentry","category-guncel"],"_links":{"self":[{"href":"https:\/\/www.egemtv.com\/index.php?rest_route=\/wp\/v2\/posts\/50998","targetHints":{"allow":["GET"]}}],"collection":[{"href":"https:\/\/www.egemtv.com\/index.php?rest_route=\/wp\/v2\/posts"}],"about":[{"href":"https:\/\/www.egemtv.com\/index.php?rest_route=\/wp\/v2\/types\/post"}],"author":[{"embeddable":true,"href":"https:\/\/www.egemtv.com\/index.php?rest_route=\/wp\/v2\/users\/1"}],"replies":[{"embeddable":true,"href":"https:\/\/www.egemtv.com\/index.php?rest_route=%2Fwp%2Fv2%2Fcomments&post=50998"}],"version-history":[{"count":1,"href":"https:\/\/www.egemtv.com\/index.php?rest_route=\/wp\/v2\/posts\/50998\/revisions"}],"predecessor-version":[{"id":51000,"href":"https:\/\/www.egemtv.com\/index.php?rest_route=\/wp\/v2\/posts\/50998\/revisions\/51000"}],"wp:featuredmedia":[{"embeddable":true,"href":"https:\/\/www.egemtv.com\/index.php?rest_route=\/wp\/v2\/media\/50999"}],"wp:attachment":[{"href":"https:\/\/www.egemtv.com\/index.php?rest_route=%2Fwp%2Fv2%2Fmedia&parent=50998"}],"wp:term":[{"taxonomy":"category","embeddable":true,"href":"https:\/\/www.egemtv.com\/index.php?rest_route=%2Fwp%2Fv2%2Fcategories&post=50998"},{"taxonomy":"post_tag","embeddable":true,"href":"https:\/\/www.egemtv.com\/index.php?rest_route=%2Fwp%2Fv2%2Ftags&post=50998"}],"curies":[{"name":"wp","href":"https:\/\/api.w.org\/{rel}","templated":true}]}}