{"id":50992,"date":"2025-08-25T11:54:58","date_gmt":"2025-08-25T08:54:58","guid":{"rendered":"https:\/\/www.egemtv.com\/?p=50992"},"modified":"2025-08-25T11:54:59","modified_gmt":"2025-08-25T08:54:59","slug":"yenipazarda-yeni-hafta-yeni-hizmetlerle-basladi","status":"publish","type":"post","link":"https:\/\/www.egemtv.com\/?p=50992","title":{"rendered":"Yenipazar\u2019da yeni hafta yeni hizmetlerle ba\u015flad\u0131"},"content":{"rendered":"<p>Yenipazar Belediyesi, vatanda\u015flar\u0131n talepleri do\u011frultusunda yol tamirat\u0131ndan parke d\u00f6\u015femesine, tarla yollar\u0131ndan cemiyet alanlar\u0131na kadar bir\u00e7ok hizmeti hayata ge\u00e7irirken, Ba\u015fkan Malik Ercan; &#8220;Her \u015fey Yenipazar i\u00e7in&#8221; dedi.<br \/>\n<br \/>Ayd\u0131n\u2019\u0131n Yenipazar il\u00e7esinde Belediye Ba\u015fkan\u0131 Malik Ercan, vatanda\u015flar\u0131n talepleri do\u011frultusunda hizmetlerin h\u0131z kesmeden devam etti\u011fini a\u00e7\u0131klad\u0131. G\u00f6reve geldikleri g\u00fcnden bu yana i\u015f program\u0131 dahilinde \u00e7al\u0131\u015fmalar\u0131 s\u00fcrd\u00fcrd\u00fcklerini belirten Ercan, yeni haftada il\u00e7ede yap\u0131lacak hizmetleri payla\u015ft\u0131. Ba\u015fkan Ercan, tek gayelerinin Yenipazar oldu\u011funu ifade ederek yapt\u0131\u011f\u0131 a\u00e7\u0131klamada &#8220;Yeni hafta, yeni hizmetler. G\u00f6reve geldi\u011fimiz g\u00fcnden bug\u00fcne, vatanda\u015flar\u0131m\u0131z\u0131n talepleri do\u011frultusunda yap\u0131lacak hizmetleri i\u015f program\u0131na al\u0131yoruz. \u0130\u015f program\u0131m\u0131z dahilinde \u00e7al\u0131\u015fmalar\u0131m\u0131z\u0131 y\u00fcr\u00fct\u00fcyoruz. Bu hafta \u00e7e\u015fitli kurumlar\u0131n il\u00e7emizde yapt\u0131\u011f\u0131 \u00e7al\u0131\u015fmalar sonras\u0131nda bozulan yollar\u0131m\u0131z\u0131n tamirat\u0131n\u0131 yapmaya devam ediyoruz. Farkl\u0131 sebeplerden \u00f6t\u00fcr\u00fc tahrip olan parke ta\u015flar\u0131m\u0131z\u0131n yenisini d\u00f6\u015feme \u00e7al\u0131\u015fmalar\u0131m\u0131z s\u00fcr\u00fcyor. Tarla ve bah\u00e7e yollar\u0131nda rotmix at\u0131m\u0131 ve parke ta\u015f\u0131 d\u00f6\u015femesi devam ediyor. Cemiyet alanlar\u0131m\u0131za vantilat\u00f6r tak\u0131m\u0131 s\u00fcr\u00fcyor. Tek bir gayemiz var, o da Yenipazar. Her \u015fey Yenipazar i\u00e7in&#8221; ifadelerine yer verdi.<br \/><\/p>\n","protected":false},"excerpt":{"rendered":"<p>Yenipazar Belediyesi, vatanda\u015flar\u0131n talepleri do\u011frultusunda yol tamirat\u0131ndan parke d\u00f6\u015femesine, tarla yollar\u0131ndan cemiyet alanlar\u0131na kadar bir\u00e7ok hizmeti hayata ge\u00e7irirken, Ba\u015fkan Malik Ercan; &#8220;Her \u015fey Yenipazar i\u00e7in&#8221; dedi. Ayd\u0131n\u2019\u0131n Yenipazar il\u00e7esinde Belediye Ba\u015fkan\u0131 Malik Ercan, vatanda\u015flar\u0131n talepleri do\u011frultusunda hizmetlerin h\u0131z kesmeden devam etti\u011fini a\u00e7\u0131klad\u0131. G\u00f6reve geldikleri g\u00fcnden bu yana i\u015f program\u0131 dahilinde \u00e7al\u0131\u015fmalar\u0131 s\u00fcrd\u00fcrd\u00fcklerini belirten Ercan, yeni&#8230;<\/p>\n","protected":false},"author":1,"featured_media":50993,"comment_status":"open","ping_status":"open","sticky":false,"template":"","format":"standard","meta":{"_crdt_document":"","footnotes":""},"categories":[1],"tags":[],"class_list":["post-50992","post","type-post","status-publish","format-standard","has-post-thumbnail","hentry","category-guncel"],"_links":{"self":[{"href":"https:\/\/www.egemtv.com\/index.php?rest_route=\/wp\/v2\/posts\/50992","targetHints":{"allow":["GET"]}}],"collection":[{"href":"https:\/\/www.egemtv.com\/index.php?rest_route=\/wp\/v2\/posts"}],"about":[{"href":"https:\/\/www.egemtv.com\/index.php?rest_route=\/wp\/v2\/types\/post"}],"author":[{"embeddable":true,"href":"https:\/\/www.egemtv.com\/index.php?rest_route=\/wp\/v2\/users\/1"}],"replies":[{"embeddable":true,"href":"https:\/\/www.egemtv.com\/index.php?rest_route=%2Fwp%2Fv2%2Fcomments&post=50992"}],"version-history":[{"count":1,"href":"https:\/\/www.egemtv.com\/index.php?rest_route=\/wp\/v2\/posts\/50992\/revisions"}],"predecessor-version":[{"id":50994,"href":"https:\/\/www.egemtv.com\/index.php?rest_route=\/wp\/v2\/posts\/50992\/revisions\/50994"}],"wp:featuredmedia":[{"embeddable":true,"href":"https:\/\/www.egemtv.com\/index.php?rest_route=\/wp\/v2\/media\/50993"}],"wp:attachment":[{"href":"https:\/\/www.egemtv.com\/index.php?rest_route=%2Fwp%2Fv2%2Fmedia&parent=50992"}],"wp:term":[{"taxonomy":"category","embeddable":true,"href":"https:\/\/www.egemtv.com\/index.php?rest_route=%2Fwp%2Fv2%2Fcategories&post=50992"},{"taxonomy":"post_tag","embeddable":true,"href":"https:\/\/www.egemtv.com\/index.php?rest_route=%2Fwp%2Fv2%2Ftags&post=50992"}],"curies":[{"name":"wp","href":"https:\/\/api.w.org\/{rel}","templated":true}]}}