{"id":50989,"date":"2025-08-25T11:54:57","date_gmt":"2025-08-25T08:54:57","guid":{"rendered":"https:\/\/www.egemtv.com\/?p=50989"},"modified":"2025-08-25T11:54:58","modified_gmt":"2025-08-25T08:54:58","slug":"aydinli-sporcu-turkiye-ikincisi-oldu","status":"publish","type":"post","link":"https:\/\/www.egemtv.com\/?p=50989","title":{"rendered":"Ayd\u0131nl\u0131 sporcu T\u00fcrkiye ikincisi oldu"},"content":{"rendered":"<p>\u0130zmir\u2019de d\u00fczenlenen atletizm T\u00fcrkiye \u015fampiyonas\u0131nda ba\u015far\u0131l\u0131 performans ortaya koyan Ayd\u0131nl\u0131 sporcu Habib \u0130slam Kurt, T\u00fcrkiye ikincisi oldu.<br \/>\n<br \/>U23 ve B\u00fcy\u00fckler T\u00fcrkiye Atletizm \u015eampiyonas\u0131, \u0130zmir\u2019in ev sahipli\u011finde ger\u00e7ekle\u015ftirildi. \u00dclke genelinden \u00e7ok say\u0131da sporcunun kat\u0131ld\u0131\u011f\u0131 \u015fampiyonada Ayd\u0131n\u2019\u0131 temsil eden Habib \u0130slam Kurt ise performans\u0131yla dikkat \u00e7ekti. Ayd\u0131nl\u0131 gen\u00e7 sporcu \u00e7eki\u00e7 atma bran\u015f\u0131nda elde etti\u011fi dereceyle T\u00fcrkiye ikincisi oldu. Ba\u015far\u0131l\u0131 sporcuyu tebrik eden Ayd\u0131n Gen\u00e7lik ve Spor \u0130l M\u00fcd\u00fcrl\u00fc\u011f\u00fc yapt\u0131\u011f\u0131 a\u00e7\u0131klamada &#8220;\u015eampiyonada ortaya koydu\u011fu azim ve m\u00fccadeleyle dikkat \u00e7eken Kurt, elde etti\u011fi bu derece ile hem ilimizin hem de \u00fclkemizin atletizm alan\u0131ndaki ba\u015far\u0131s\u0131na katk\u0131 sa\u011flad\u0131. Sporcu, yo\u011fun antrenman s\u00fcreci ve disiplinli \u00e7al\u0131\u015fmas\u0131n\u0131n kar\u015f\u0131l\u0131\u011f\u0131n\u0131 bu \u00f6nemli dereceyle ta\u00e7land\u0131rd\u0131. Habib \u0130slam Kurt\u2019un bu ba\u015far\u0131s\u0131, ilimizdeki spor altyap\u0131s\u0131n\u0131n ve gen\u00e7lerimize verilen deste\u011fin ne kadar \u00f6nemli oldu\u011funun bir g\u00f6stergesidir. Sporcumuzun daha b\u00fcy\u00fck ba\u015far\u0131lara imza ataca\u011f\u0131na y\u00fcrekten inan\u0131yoruz&#8221; ifadeleri yer ald\u0131.<br \/><\/p>\n","protected":false},"excerpt":{"rendered":"<p>\u0130zmir\u2019de d\u00fczenlenen atletizm T\u00fcrkiye \u015fampiyonas\u0131nda ba\u015far\u0131l\u0131 performans ortaya koyan Ayd\u0131nl\u0131 sporcu Habib \u0130slam Kurt, T\u00fcrkiye ikincisi oldu. U23 ve B\u00fcy\u00fckler T\u00fcrkiye Atletizm \u015eampiyonas\u0131, \u0130zmir\u2019in ev sahipli\u011finde ger\u00e7ekle\u015ftirildi. \u00dclke genelinden \u00e7ok say\u0131da sporcunun kat\u0131ld\u0131\u011f\u0131 \u015fampiyonada Ayd\u0131n\u2019\u0131 temsil eden Habib \u0130slam Kurt ise performans\u0131yla dikkat \u00e7ekti. Ayd\u0131nl\u0131 gen\u00e7 sporcu \u00e7eki\u00e7 atma bran\u015f\u0131nda elde etti\u011fi dereceyle T\u00fcrkiye ikincisi&#8230;<\/p>\n","protected":false},"author":1,"featured_media":50990,"comment_status":"open","ping_status":"open","sticky":false,"template":"","format":"standard","meta":{"_crdt_document":"","footnotes":""},"categories":[4],"tags":[],"class_list":["post-50989","post","type-post","status-publish","format-standard","has-post-thumbnail","hentry","category-spor"],"_links":{"self":[{"href":"https:\/\/www.egemtv.com\/index.php?rest_route=\/wp\/v2\/posts\/50989","targetHints":{"allow":["GET"]}}],"collection":[{"href":"https:\/\/www.egemtv.com\/index.php?rest_route=\/wp\/v2\/posts"}],"about":[{"href":"https:\/\/www.egemtv.com\/index.php?rest_route=\/wp\/v2\/types\/post"}],"author":[{"embeddable":true,"href":"https:\/\/www.egemtv.com\/index.php?rest_route=\/wp\/v2\/users\/1"}],"replies":[{"embeddable":true,"href":"https:\/\/www.egemtv.com\/index.php?rest_route=%2Fwp%2Fv2%2Fcomments&post=50989"}],"version-history":[{"count":1,"href":"https:\/\/www.egemtv.com\/index.php?rest_route=\/wp\/v2\/posts\/50989\/revisions"}],"predecessor-version":[{"id":50991,"href":"https:\/\/www.egemtv.com\/index.php?rest_route=\/wp\/v2\/posts\/50989\/revisions\/50991"}],"wp:featuredmedia":[{"embeddable":true,"href":"https:\/\/www.egemtv.com\/index.php?rest_route=\/wp\/v2\/media\/50990"}],"wp:attachment":[{"href":"https:\/\/www.egemtv.com\/index.php?rest_route=%2Fwp%2Fv2%2Fmedia&parent=50989"}],"wp:term":[{"taxonomy":"category","embeddable":true,"href":"https:\/\/www.egemtv.com\/index.php?rest_route=%2Fwp%2Fv2%2Fcategories&post=50989"},{"taxonomy":"post_tag","embeddable":true,"href":"https:\/\/www.egemtv.com\/index.php?rest_route=%2Fwp%2Fv2%2Ftags&post=50989"}],"curies":[{"name":"wp","href":"https:\/\/api.w.org\/{rel}","templated":true}]}}