{"id":50986,"date":"2025-08-25T11:35:52","date_gmt":"2025-08-25T08:35:52","guid":{"rendered":"https:\/\/www.egemtv.com\/?p=50986"},"modified":"2025-08-25T11:35:53","modified_gmt":"2025-08-25T08:35:53","slug":"datca-aciklarinda-arizalanan-yelkenli-tekne-kurtarildi","status":"publish","type":"post","link":"https:\/\/www.egemtv.com\/?p=50986","title":{"rendered":"Dat\u00e7a a\u00e7\u0131klar\u0131nda ar\u0131zalanan yelkenli tekne kurtar\u0131ld\u0131"},"content":{"rendered":"<p>Mu\u011fla\u2019n\u0131n Dat\u00e7a il\u00e7esi a\u00e7\u0131klar\u0131nda makine ar\u0131zas\u0131 nedeniyle s\u00fcr\u00fcklenen yelkenli tekne K\u0131y\u0131 Emniyet Genel M\u00fcd\u00fcrl\u00fc\u011f\u00fc ekipleri taraf\u0131ndan kurtar\u0131ld\u0131.<br \/>\n<br \/>Dat\u00e7a a\u00e7\u0131klar\u0131nda seyreden, i\u00e7inde 2 ki\u015fi bulunan 14 metre boyundaki tekne makine ar\u0131zas\u0131 nedeniyle s\u00fcr\u00fcklenmeye ba\u015flad\u0131. Tekneden yap\u0131lan yard\u0131m \u00e7a\u011fr\u0131s\u0131 sonras\u0131 K\u0131y\u0131 Emniyet Genel M\u00fcd\u00fcrl\u00fc\u011f\u00fc\u2019ne ba\u011fl\u0131 Tahlisiye-6 can kurtarma botuna yedeklenen tekne Kairos Marina\u2019da emniyete al\u0131nd\u0131.<br \/><\/p>\n","protected":false},"excerpt":{"rendered":"<p>Mu\u011fla\u2019n\u0131n Dat\u00e7a il\u00e7esi a\u00e7\u0131klar\u0131nda makine ar\u0131zas\u0131 nedeniyle s\u00fcr\u00fcklenen yelkenli tekne K\u0131y\u0131 Emniyet Genel M\u00fcd\u00fcrl\u00fc\u011f\u00fc ekipleri taraf\u0131ndan kurtar\u0131ld\u0131. Dat\u00e7a a\u00e7\u0131klar\u0131nda seyreden, i\u00e7inde 2 ki\u015fi bulunan 14 metre boyundaki tekne makine ar\u0131zas\u0131 nedeniyle s\u00fcr\u00fcklenmeye ba\u015flad\u0131. Tekneden yap\u0131lan yard\u0131m \u00e7a\u011fr\u0131s\u0131 sonras\u0131 K\u0131y\u0131 Emniyet Genel M\u00fcd\u00fcrl\u00fc\u011f\u00fc\u2019ne ba\u011fl\u0131 Tahlisiye-6 can kurtarma botuna yedeklenen tekne Kairos Marina\u2019da emniyete al\u0131nd\u0131.<\/p>\n","protected":false},"author":1,"featured_media":50987,"comment_status":"open","ping_status":"open","sticky":false,"template":"","format":"standard","meta":{"_crdt_document":"","footnotes":""},"categories":[5],"tags":[],"class_list":["post-50986","post","type-post","status-publish","format-standard","has-post-thumbnail","hentry","category-asayis"],"_links":{"self":[{"href":"https:\/\/www.egemtv.com\/index.php?rest_route=\/wp\/v2\/posts\/50986","targetHints":{"allow":["GET"]}}],"collection":[{"href":"https:\/\/www.egemtv.com\/index.php?rest_route=\/wp\/v2\/posts"}],"about":[{"href":"https:\/\/www.egemtv.com\/index.php?rest_route=\/wp\/v2\/types\/post"}],"author":[{"embeddable":true,"href":"https:\/\/www.egemtv.com\/index.php?rest_route=\/wp\/v2\/users\/1"}],"replies":[{"embeddable":true,"href":"https:\/\/www.egemtv.com\/index.php?rest_route=%2Fwp%2Fv2%2Fcomments&post=50986"}],"version-history":[{"count":1,"href":"https:\/\/www.egemtv.com\/index.php?rest_route=\/wp\/v2\/posts\/50986\/revisions"}],"predecessor-version":[{"id":50988,"href":"https:\/\/www.egemtv.com\/index.php?rest_route=\/wp\/v2\/posts\/50986\/revisions\/50988"}],"wp:featuredmedia":[{"embeddable":true,"href":"https:\/\/www.egemtv.com\/index.php?rest_route=\/wp\/v2\/media\/50987"}],"wp:attachment":[{"href":"https:\/\/www.egemtv.com\/index.php?rest_route=%2Fwp%2Fv2%2Fmedia&parent=50986"}],"wp:term":[{"taxonomy":"category","embeddable":true,"href":"https:\/\/www.egemtv.com\/index.php?rest_route=%2Fwp%2Fv2%2Fcategories&post=50986"},{"taxonomy":"post_tag","embeddable":true,"href":"https:\/\/www.egemtv.com\/index.php?rest_route=%2Fwp%2Fv2%2Ftags&post=50986"}],"curies":[{"name":"wp","href":"https:\/\/api.w.org\/{rel}","templated":true}]}}