{"id":50980,"date":"2025-08-25T11:15:43","date_gmt":"2025-08-25T08:15:43","guid":{"rendered":"https:\/\/www.egemtv.com\/?p=50980"},"modified":"2025-08-25T11:15:44","modified_gmt":"2025-08-25T08:15:44","slug":"motosikletle-otomobil-carpisti-1-yarali","status":"publish","type":"post","link":"https:\/\/www.egemtv.com\/?p=50980","title":{"rendered":"Motosikletle otomobil \u00e7arp\u0131\u015ft\u0131: 1 yaral\u0131"},"content":{"rendered":"<p>Ayd\u0131n\u2019\u0131n Efeler il\u00e7esinde motosiklet ile otomobilin \u00e7arp\u0131\u015fmas\u0131 sonucu meydana gelen kazada 1 ki\u015fi yaraland\u0131.<br \/>\n<br \/>Kaza, Efeler il\u00e7esi Bat\u0131 Gazi Bulvar\u0131 \u00fczerinde meydana geldi. Edinilen bilgiye g\u00f6re 38 JV 204 plakal\u0131 otomobil 1666 Sokak\u2019a d\u00f6n\u00fc\u015f yapmak istedi\u011fi esnada 09 ANZ 766 plakal\u0131 motosiklet ile \u00e7arp\u0131\u015ft\u0131. \u00c7arp\u0131\u015fman\u0131n etkisiyle yola savrulan motosiklet s\u00fcr\u00fcc\u00fcs\u00fc gen\u00e7 yaraland\u0131. Kazay\u0131 g\u00f6renler durumu 112 Acil \u00c7a\u011fr\u0131 Merkezi\u2019ne bildirdi. \u0130hbar \u00fczerine b\u00f6lgeye polis ve sa\u011fl\u0131k ekipleri sevk edildi. K\u0131sa s\u00fcrede olay yerine gelen sa\u011fl\u0131k ekiplerince ilk m\u00fcdahalesi yap\u0131lan gen\u00e7 s\u00fcr\u00fcc\u00fc, kazada hafif \u015fekilde yaralan\u0131rken, kaza ile ilgili inceleme ba\u015flat\u0131ld\u0131.<br \/><\/p>\n","protected":false},"excerpt":{"rendered":"<p>Ayd\u0131n\u2019\u0131n Efeler il\u00e7esinde motosiklet ile otomobilin \u00e7arp\u0131\u015fmas\u0131 sonucu meydana gelen kazada 1 ki\u015fi yaraland\u0131. Kaza, Efeler il\u00e7esi Bat\u0131 Gazi Bulvar\u0131 \u00fczerinde meydana geldi. Edinilen bilgiye g\u00f6re 38 JV 204 plakal\u0131 otomobil 1666 Sokak\u2019a d\u00f6n\u00fc\u015f yapmak istedi\u011fi esnada 09 ANZ 766 plakal\u0131 motosiklet ile \u00e7arp\u0131\u015ft\u0131. \u00c7arp\u0131\u015fman\u0131n etkisiyle yola savrulan motosiklet s\u00fcr\u00fcc\u00fcs\u00fc gen\u00e7 yaraland\u0131. Kazay\u0131 g\u00f6renler durumu&#8230;<\/p>\n","protected":false},"author":1,"featured_media":50981,"comment_status":"open","ping_status":"open","sticky":false,"template":"","format":"standard","meta":{"_crdt_document":"","footnotes":""},"categories":[5],"tags":[],"class_list":["post-50980","post","type-post","status-publish","format-standard","has-post-thumbnail","hentry","category-asayis"],"_links":{"self":[{"href":"https:\/\/www.egemtv.com\/index.php?rest_route=\/wp\/v2\/posts\/50980","targetHints":{"allow":["GET"]}}],"collection":[{"href":"https:\/\/www.egemtv.com\/index.php?rest_route=\/wp\/v2\/posts"}],"about":[{"href":"https:\/\/www.egemtv.com\/index.php?rest_route=\/wp\/v2\/types\/post"}],"author":[{"embeddable":true,"href":"https:\/\/www.egemtv.com\/index.php?rest_route=\/wp\/v2\/users\/1"}],"replies":[{"embeddable":true,"href":"https:\/\/www.egemtv.com\/index.php?rest_route=%2Fwp%2Fv2%2Fcomments&post=50980"}],"version-history":[{"count":1,"href":"https:\/\/www.egemtv.com\/index.php?rest_route=\/wp\/v2\/posts\/50980\/revisions"}],"predecessor-version":[{"id":50982,"href":"https:\/\/www.egemtv.com\/index.php?rest_route=\/wp\/v2\/posts\/50980\/revisions\/50982"}],"wp:featuredmedia":[{"embeddable":true,"href":"https:\/\/www.egemtv.com\/index.php?rest_route=\/wp\/v2\/media\/50981"}],"wp:attachment":[{"href":"https:\/\/www.egemtv.com\/index.php?rest_route=%2Fwp%2Fv2%2Fmedia&parent=50980"}],"wp:term":[{"taxonomy":"category","embeddable":true,"href":"https:\/\/www.egemtv.com\/index.php?rest_route=%2Fwp%2Fv2%2Fcategories&post=50980"},{"taxonomy":"post_tag","embeddable":true,"href":"https:\/\/www.egemtv.com\/index.php?rest_route=%2Fwp%2Fv2%2Ftags&post=50980"}],"curies":[{"name":"wp","href":"https:\/\/api.w.org\/{rel}","templated":true}]}}