{"id":50977,"date":"2025-08-25T11:15:42","date_gmt":"2025-08-25T08:15:42","guid":{"rendered":"https:\/\/www.egemtv.com\/?p=50977"},"modified":"2025-08-25T11:15:43","modified_gmt":"2025-08-25T08:15:43","slug":"buldanda-cikan-orman-yangini-kisa-surede-kontrol-altina-alindi","status":"publish","type":"post","link":"https:\/\/www.egemtv.com\/?p=50977","title":{"rendered":"Buldan\u2019da \u00e7\u0131kan orman yang\u0131n\u0131 k\u0131sa s\u00fcrede kontrol alt\u0131na al\u0131nd\u0131"},"content":{"rendered":"<p>Denizli\u2019nin Buldan il\u00e7esinde \u00e7\u0131kan orman yang\u0131n\u0131 ekiplerin k\u0131sa s\u00fcrede m\u00fcdahalelerin ard\u0131ndan kontrol alt\u0131na al\u0131nd\u0131.<\/p>\n<p>Denizli\u2019nin Buldan il\u00e7esi Girne Mahallesi Tekke B\u00f6lgesi \u00c7anak\u00e7\u0131 mevkiinde hen\u00fcz bilinmeyen bir nedenle orman yang\u0131n\u0131 \u00e7\u0131kt\u0131. \u00c7evredeki vatanda\u015flar\u0131n ihbar\u0131 \u00fczerine b\u00f6lgeye itfaiye ve orman i\u015fletme m\u00fcd\u00fcrl\u00fc\u011f\u00fc ekipleri sevk edildi. Ba\u011f sahipleri yang\u0131na ilk m\u00fcdahalede bulundu. B\u00f6lgeye sevk edilen ekiplerin yo\u011fun \u00e7al\u0131\u015fmas\u0131n\u0131n ard\u0131ndan yang\u0131n kontrol alt\u0131na al\u0131nd\u0131.<\/p>\n<p>Yang\u0131na \u00e7ok say\u0131da tanker, araz\u00f6z ve vatanda\u015flar taraf\u0131ndan sa\u011flanan m\u00fcdahalelerin ard\u0131ndan so\u011futma \u00e7al\u0131\u015fmalar\u0131na ba\u015flan\u0131ld\u0131.<br \/><\/p>\n","protected":false},"excerpt":{"rendered":"<p>Denizli\u2019nin Buldan il\u00e7esinde \u00e7\u0131kan orman yang\u0131n\u0131 ekiplerin k\u0131sa s\u00fcrede m\u00fcdahalelerin ard\u0131ndan kontrol alt\u0131na al\u0131nd\u0131. Denizli\u2019nin Buldan il\u00e7esi Girne Mahallesi Tekke B\u00f6lgesi \u00c7anak\u00e7\u0131 mevkiinde hen\u00fcz bilinmeyen bir nedenle orman yang\u0131n\u0131 \u00e7\u0131kt\u0131. \u00c7evredeki vatanda\u015flar\u0131n ihbar\u0131 \u00fczerine b\u00f6lgeye itfaiye ve orman i\u015fletme m\u00fcd\u00fcrl\u00fc\u011f\u00fc ekipleri sevk edildi. Ba\u011f sahipleri yang\u0131na ilk m\u00fcdahalede bulundu. B\u00f6lgeye sevk edilen ekiplerin yo\u011fun \u00e7al\u0131\u015fmas\u0131n\u0131n&#8230;<\/p>\n","protected":false},"author":1,"featured_media":50978,"comment_status":"open","ping_status":"open","sticky":false,"template":"","format":"standard","meta":{"_crdt_document":"","footnotes":""},"categories":[5],"tags":[],"class_list":["post-50977","post","type-post","status-publish","format-standard","has-post-thumbnail","hentry","category-asayis"],"_links":{"self":[{"href":"https:\/\/www.egemtv.com\/index.php?rest_route=\/wp\/v2\/posts\/50977","targetHints":{"allow":["GET"]}}],"collection":[{"href":"https:\/\/www.egemtv.com\/index.php?rest_route=\/wp\/v2\/posts"}],"about":[{"href":"https:\/\/www.egemtv.com\/index.php?rest_route=\/wp\/v2\/types\/post"}],"author":[{"embeddable":true,"href":"https:\/\/www.egemtv.com\/index.php?rest_route=\/wp\/v2\/users\/1"}],"replies":[{"embeddable":true,"href":"https:\/\/www.egemtv.com\/index.php?rest_route=%2Fwp%2Fv2%2Fcomments&post=50977"}],"version-history":[{"count":1,"href":"https:\/\/www.egemtv.com\/index.php?rest_route=\/wp\/v2\/posts\/50977\/revisions"}],"predecessor-version":[{"id":50979,"href":"https:\/\/www.egemtv.com\/index.php?rest_route=\/wp\/v2\/posts\/50977\/revisions\/50979"}],"wp:featuredmedia":[{"embeddable":true,"href":"https:\/\/www.egemtv.com\/index.php?rest_route=\/wp\/v2\/media\/50978"}],"wp:attachment":[{"href":"https:\/\/www.egemtv.com\/index.php?rest_route=%2Fwp%2Fv2%2Fmedia&parent=50977"}],"wp:term":[{"taxonomy":"category","embeddable":true,"href":"https:\/\/www.egemtv.com\/index.php?rest_route=%2Fwp%2Fv2%2Fcategories&post=50977"},{"taxonomy":"post_tag","embeddable":true,"href":"https:\/\/www.egemtv.com\/index.php?rest_route=%2Fwp%2Fv2%2Ftags&post=50977"}],"curies":[{"name":"wp","href":"https:\/\/api.w.org\/{rel}","templated":true}]}}