{"id":50974,"date":"2025-08-25T10:54:55","date_gmt":"2025-08-25T07:54:55","guid":{"rendered":"https:\/\/www.egemtv.com\/?p=50974"},"modified":"2025-08-25T10:54:56","modified_gmt":"2025-08-25T07:54:56","slug":"menemen-fkdan-kusursuz-baslangic","status":"publish","type":"post","link":"https:\/\/www.egemtv.com\/?p=50974","title":{"rendered":"Menemen FK\u2019dan kusursuz ba\u015flang\u0131\u00e7"},"content":{"rendered":"<p>Menemen FK, TFF 2. Lig K\u0131rm\u0131z\u0131 Grup\u2019taki ilk hafta ma\u00e7\u0131nda Yeni Mersin \u0130dman Yurdu\u2019nu deplasmanda 4-1 ma\u011flup ederek sezona kusursuz bir ba\u015flang\u0131\u00e7 yapt\u0131.<br \/>\n<br \/>TFF 2. Lig K\u0131rm\u0131z\u0131 Grup ekiplerinden Menemen FK, yeni sezona iddial\u0131 bir ba\u015flang\u0131\u00e7 yapt\u0131. Ligin ilk haftas\u0131nda Yeni Mersin \u0130dman Yurdu ile deplasmanda kar\u015f\u0131la\u015fan sar\u0131-lacivertliler, sahadan 4-1\u2019lik net bir galibiyetle ayr\u0131larak sezona \u00fc\u00e7 puanla ba\u015flad\u0131.<br \/>\n<br \/>Ma\u00e7a h\u0131zl\u0131 ba\u015flayan \u0130zmir temsilcisi, ilk yar\u0131y\u0131 4-0\u2019l\u0131k \u00fcst\u00fcnl\u00fckle tamamlad\u0131. \u0130kinci yar\u0131da tempoyu d\u00fc\u015f\u00fcrerek oyunu r\u00f6lantiye alan Menemen FK, 70. dakikada kalesinde bir gol g\u00f6rd\u00fc ve skor 4-1\u2019e geldi. Kalan dakikalarda ba\u015fka gol olmay\u0131nca m\u00fccadele bu skorla sona erdi.<br \/>\n<br \/>Menemen FK\u2019n\u0131n gollerini Se\u00e7im Can Ko\u00e7 (2), Emre Keskin ve rakip oyuncu Yusuf Ero\u011flu (kendi kalesine) kaydederken, ev sahibi Yeni Mersin \u0130dman Yurdu\u2019nun tek gol\u00fc Utkan \u00c7evik\u2019ten geldi.<br \/>\n<br \/>Bu sonu\u00e7la Menemen FK, sezona g\u00fc\u00e7l\u00fc bir giri\u015f yaparken, \u00f6zellikle ilk yar\u0131daki etkili performans\u0131yla dikkatleri \u00fczerine \u00e7ekti.<\/p>\n<p>Bilal K\u0131sa, galibiyetle ba\u015flad\u0131<br \/>\n<br \/>Yeni sezona yeni bir yap\u0131lanmayla giren Menemen FK, \u00f6nemli de\u011fi\u015fikliklere imza att\u0131. Sportif direkt\u00f6rl\u00fck g\u00f6revine Nihat Y\u0131lmaz, teknik direkt\u00f6rl\u00fck koltu\u011funa ise Bilal K\u0131sa getirildi. Bu de\u011fi\u015fimle birlikte transferde de hareketli g\u00fcnler ge\u00e7iren \u0130zmir temsilcisi, kadrosunu \u00f6nemli isimlerle g\u00fc\u00e7lendirdi.<br \/>\n<br \/>Yeni Mersin \u0130dman Yurdu kar\u015f\u0131la\u015fmas\u0131yla birlikte ilk resmi s\u0131nav\u0131na \u00e7\u0131kan teknik direkt\u00f6r Bilal K\u0131sa, sahadan 3 puanla ayr\u0131larak sezona moralli bir ba\u015flang\u0131\u00e7 yapt\u0131. Gen\u00e7 teknik adam\u0131n ortaya koydu\u011fu oyun be\u011feni toplarken, bu performans\u0131 gelecek haftalara da ta\u015f\u0131y\u0131p galibiyet serisi yakalamak istedi\u011fi ifade edildi.<br \/><\/p>\n","protected":false},"excerpt":{"rendered":"<p>Menemen FK, TFF 2. Lig K\u0131rm\u0131z\u0131 Grup\u2019taki ilk hafta ma\u00e7\u0131nda Yeni Mersin \u0130dman Yurdu\u2019nu deplasmanda 4-1 ma\u011flup ederek sezona kusursuz bir ba\u015flang\u0131\u00e7 yapt\u0131. TFF 2. Lig K\u0131rm\u0131z\u0131 Grup ekiplerinden Menemen FK, yeni sezona iddial\u0131 bir ba\u015flang\u0131\u00e7 yapt\u0131. Ligin ilk haftas\u0131nda Yeni Mersin \u0130dman Yurdu ile deplasmanda kar\u015f\u0131la\u015fan sar\u0131-lacivertliler, sahadan 4-1\u2019lik net bir galibiyetle ayr\u0131larak sezona&#8230;<\/p>\n","protected":false},"author":1,"featured_media":50975,"comment_status":"open","ping_status":"open","sticky":false,"template":"","format":"standard","meta":{"_crdt_document":"","footnotes":""},"categories":[4],"tags":[],"class_list":["post-50974","post","type-post","status-publish","format-standard","has-post-thumbnail","hentry","category-spor"],"_links":{"self":[{"href":"https:\/\/www.egemtv.com\/index.php?rest_route=\/wp\/v2\/posts\/50974","targetHints":{"allow":["GET"]}}],"collection":[{"href":"https:\/\/www.egemtv.com\/index.php?rest_route=\/wp\/v2\/posts"}],"about":[{"href":"https:\/\/www.egemtv.com\/index.php?rest_route=\/wp\/v2\/types\/post"}],"author":[{"embeddable":true,"href":"https:\/\/www.egemtv.com\/index.php?rest_route=\/wp\/v2\/users\/1"}],"replies":[{"embeddable":true,"href":"https:\/\/www.egemtv.com\/index.php?rest_route=%2Fwp%2Fv2%2Fcomments&post=50974"}],"version-history":[{"count":1,"href":"https:\/\/www.egemtv.com\/index.php?rest_route=\/wp\/v2\/posts\/50974\/revisions"}],"predecessor-version":[{"id":50976,"href":"https:\/\/www.egemtv.com\/index.php?rest_route=\/wp\/v2\/posts\/50974\/revisions\/50976"}],"wp:featuredmedia":[{"embeddable":true,"href":"https:\/\/www.egemtv.com\/index.php?rest_route=\/wp\/v2\/media\/50975"}],"wp:attachment":[{"href":"https:\/\/www.egemtv.com\/index.php?rest_route=%2Fwp%2Fv2%2Fmedia&parent=50974"}],"wp:term":[{"taxonomy":"category","embeddable":true,"href":"https:\/\/www.egemtv.com\/index.php?rest_route=%2Fwp%2Fv2%2Fcategories&post=50974"},{"taxonomy":"post_tag","embeddable":true,"href":"https:\/\/www.egemtv.com\/index.php?rest_route=%2Fwp%2Fv2%2Ftags&post=50974"}],"curies":[{"name":"wp","href":"https:\/\/api.w.org\/{rel}","templated":true}]}}