{"id":50971,"date":"2025-08-25T10:34:56","date_gmt":"2025-08-25T07:34:56","guid":{"rendered":"https:\/\/www.egemtv.com\/?p=50971"},"modified":"2025-08-25T10:34:56","modified_gmt":"2025-08-25T07:34:56","slug":"dikilinin-jeotermal-su-kuyusu-acildi","status":"publish","type":"post","link":"https:\/\/www.egemtv.com\/?p=50971","title":{"rendered":"Dikili\u2019nin jeotermal su kuyusu a\u00e7\u0131ld\u0131"},"content":{"rendered":"<p>T\u00fcrkiye ve Avrupa\u2019n\u0131n en b\u00fcy\u00fck teknolojik sera \u00fcslerinden biri olan Dikili Jeotermal Is\u0131tmal\u0131 Sera Organize Tar\u0131m B\u00f6lgesi\u2019ndeki jeotermal su kuyusunun a\u00e7\u0131l\u0131\u015f\u0131 ger\u00e7ekle\u015ftirildi. Su kuyular\u0131n\u0131n faaliyete ge\u00e7mesiyle, organize tar\u0131m b\u00f6lgesinin a\u00e7\u0131l\u0131\u015f\u0131 i\u00e7in geri say\u0131m ba\u015flad\u0131.<br \/>\n<br \/>AK Parti Genel Sekreteri ve \u0130zmir Milletvekili Eyy\u00fcp Kadir \u0130nan, \u0130zmir Ticaret Odas\u0131 Y\u00f6netim Kurulu Ba\u015fkan\u0131 Mahmut \u00d6zgener\u2019in ev sahipli\u011finde, Dikili Jeotermal Is\u0131tmal\u0131 Sera Organize Tar\u0131m B\u00f6lgesi (OTB) proje sahas\u0131n\u0131 ziyaret etti. Ziyarette, \u0130zmir Ticaret Odas\u0131 Y\u00f6netim Kurulu \u00dcyesi ve Dikili Jeotermal Is\u0131tmal\u0131 Sera OTB Y\u00f6netim Kurulu Ba\u015fkan\u0131 Mehmet \u015eahin \u00c7akan, projenin detaylar\u0131na ili\u015fkin kapsaml\u0131 bir sunum ger\u00e7ekle\u015ftirdi.<\/p>\n<p>\u0130nan: &#8220;T\u00fcrkiye\u2019de bir tar\u0131m devrimi ger\u00e7ekle\u015ftiriyoruz&#8221;<br \/>\n<br \/>AK Parti Genel Sekreteri ve \u0130zmir Milletvekili Eyy\u00fcp Kadir \u0130nan, konu\u015fmas\u0131nda, Dikili Jeotermal Is\u0131tmal\u0131 Sera OTB projesinin \u0130zmir\u2019in kuzey hatt\u0131n\u0131 tar\u0131m \u00fcss\u00fc haline getirecek vizyoner bir giri\u015fim oldu\u011funu vurgulad\u0131. \u0130nan, &#8220;Say\u0131n Cumhurba\u015fkan\u0131m\u0131z Recep Tayyip Erdo\u011fan\u2019\u0131n liderli\u011finde ve Tar\u0131m ve Orman Bakanl\u0131\u011f\u0131m\u0131z\u0131n deste\u011fiyle hayata ge\u00e7irilen bu proje, b\u00f6lgeye, \u015fehre ve sivil toplum kurulu\u015flar\u0131m\u0131za \u00f6rnek te\u015fkil edecek. Toplamda 15 milyar dolarl\u0131k yat\u0131r\u0131m hedefiyle, yakla\u015f\u0131k 4.000 ki\u015filik istihdam yaratmay\u0131 planl\u0131yoruz; bu istihdam\u0131n y\u00fczde 75\u2019i kad\u0131nlardan olu\u015facak. Ba\u015fta \u0130zmir Ticaret Odas\u0131 olmak \u00fczere, eme\u011fi ge\u00e7en t\u00fcm payda\u015flar\u0131m\u0131za te\u015fekk\u00fcr ediyorum. T\u00fcrkiye\u2019de \u00f6rne\u011fi olmayan, d\u00fcnyada say\u0131l\u0131 projelerden biri olan bu yat\u0131r\u0131m, Ege B\u00f6lgesi\u2019nde ve di\u011fer illerimizde yeni modellerin \u00f6nc\u00fcs\u00fc olacak. A\u00e7\u0131l\u0131\u015f i\u00e7in geri say\u0131m ba\u015flad\u0131 ve Say\u0131n Cumhurba\u015fkan\u0131m\u0131z\u0131n ve uluslararas\u0131 finans kurulu\u015flar\u0131n\u0131n kat\u0131l\u0131m\u0131yla bu mega eseri \u015fehrimize kazand\u0131rmay\u0131 sab\u0131rs\u0131zl\u0131kla bekliyoruz.&#8221; dedi.<\/p>\n<p>\u00d6zgener: &#8220;Geri say\u0131m ba\u015flad\u0131&#8221;<br \/>\n<br \/>\u0130zmir Ticaret Odas\u0131 Y\u00f6netim Kurulu Ba\u015fkan\u0131 Mahmut \u00d6zgener, projenin sadece \u0130zmir\u2019e de\u011fil, T\u00fcrkiye\u2019ye ve d\u00fcnyaya \u00f6rnek olaca\u011f\u0131n\u0131 belirtti. \u00d6zgener, &#8220;Geri say\u0131m ba\u015flad\u0131. \u00d6n\u00fcm\u00fczdeki hafta Tar\u0131m ve Orman Bakanl\u0131\u011f\u0131m\u0131z\u0131n d\u00fczenleyece\u011fi ihale ile altyap\u0131 yat\u0131r\u0131mlar\u0131 ba\u015flayacak, ard\u0131ndan parseller sahiplerine teslim edilecek ve yat\u0131r\u0131mlar h\u0131z kazanacak. Projemize en ba\u015f\u0131ndan beri desteklerini esirgemeyen Cumhurba\u015fkan\u0131m\u0131z Say\u0131n Recep Tayyip Erdo\u011fan\u2019a, Tar\u0131m ve Orman Bakan\u0131m\u0131z Say\u0131n \u0130brahim Yumakl\u0131 ve t\u00fcm ge\u00e7mi\u015f d\u00f6nem Tar\u0131m ve Orman Bakanlar\u0131m\u0131za, b\u00f6lgenin kalk\u0131nmas\u0131 i\u00e7in yo\u011fun emek veren Adalet ve Kalk\u0131nma Partisi Genel Sekreteri, \u0130zmir Milletvekilimiz Say\u0131n Eyy\u00fcp Kadir \u0130nan\u2019a, Say\u0131n Ceyda B\u00f6l\u00fcnmez \u00c7ank\u0131r\u0131 ve Say\u0131n Mahmut Atilla Kaya ba\u015fta olmak \u00fczere t\u00fcm \u0130zmir milletvekillerimize te\u015fekk\u00fcr ederiz. Projemizi ba\u015far\u0131yla tamamlayarak, Say\u0131n Cumhurba\u015fkan\u0131m\u0131z\u0131n te\u015frifleriyle a\u00e7may\u0131 umut ediyoruz&#8221; dedi.<\/p>\n<p>\u00c7akan: &#8220;T\u00fcm kaynak ve tahsis hedeflerimize ula\u015ft\u0131k&#8221;<br \/>\n<br \/>\u0130zmir Ticaret Odas\u0131 Y\u00f6netim Kurulu \u00dcyesi ve Dikili Jeotermal Is\u0131tmal\u0131 Sera OTB Y\u00f6netim Kurulu Ba\u015fkan\u0131 Mehmet \u015eahin \u00c7akan, sunumunda projenin teknik ve operasyonel haz\u0131rl\u0131klar\u0131n\u0131n tamamland\u0131\u011f\u0131n\u0131 vurgulad\u0131. \u00c7akan, &#8220;Seralar\u0131n \u0131s\u0131t\u0131lmas\u0131 i\u00e7in gerekli jeotermal kaynaklara ula\u015f\u0131ld\u0131. Ayr\u0131ca, kullanma ve sulama suyu ihtiyac\u0131n\u0131 kar\u015f\u0131layacak yeterli so\u011fuk su kaynaklar\u0131n\u0131 temin ettik. Parsel tahsislerinde %99 oran\u0131na ula\u015farak, yat\u0131r\u0131mc\u0131lar\u0131n projeye olan g\u00fcvenini ve ilgisini ortaya koyduk. Jeotermal kaynaklar\u0131n tespitinde ve geli\u015ftirilmesinde Maden Tetkik ve Arama Genel M\u00fcd\u00fcrl\u00fc\u011f\u00fc (MTA) ile i\u015f birli\u011fi i\u00e7erisinde \u00e7al\u0131\u015ft\u0131k. Bu i\u015f birli\u011fi, projenin ba\u015far\u0131s\u0131nda kritik bir rol oynad\u0131 ve hedeflerimize ula\u015fmam\u0131zda b\u00fcy\u00fck katk\u0131 sa\u011flad\u0131. Bu ba\u015far\u0131, projenin s\u00fcrd\u00fcr\u00fclebilirlik ve verimlilik hedeflerine ula\u015fmada \u00f6nemli bir ad\u0131m&#8221; dedi.<br \/>\n<br \/>Sunumun ard\u0131ndan t\u00fcm protokol\u00fcn kat\u0131l\u0131m\u0131yla jeotermal su kuyusunun a\u00e7\u0131l\u0131\u015f\u0131 ger\u00e7ekle\u015ftirildi.<br \/><\/p>\n","protected":false},"excerpt":{"rendered":"<p>T\u00fcrkiye ve Avrupa\u2019n\u0131n en b\u00fcy\u00fck teknolojik sera \u00fcslerinden biri olan Dikili Jeotermal Is\u0131tmal\u0131 Sera Organize Tar\u0131m B\u00f6lgesi\u2019ndeki jeotermal su kuyusunun a\u00e7\u0131l\u0131\u015f\u0131 ger\u00e7ekle\u015ftirildi. Su kuyular\u0131n\u0131n faaliyete ge\u00e7mesiyle, organize tar\u0131m b\u00f6lgesinin a\u00e7\u0131l\u0131\u015f\u0131 i\u00e7in geri say\u0131m ba\u015flad\u0131. AK Parti Genel Sekreteri ve \u0130zmir Milletvekili Eyy\u00fcp Kadir \u0130nan, \u0130zmir Ticaret Odas\u0131 Y\u00f6netim Kurulu Ba\u015fkan\u0131 Mahmut \u00d6zgener\u2019in ev sahipli\u011finde, Dikili&#8230;<\/p>\n","protected":false},"author":1,"featured_media":50972,"comment_status":"open","ping_status":"open","sticky":false,"template":"","format":"standard","meta":{"_crdt_document":"","footnotes":""},"categories":[125],"tags":[],"class_list":["post-50971","post","type-post","status-publish","format-standard","has-post-thumbnail","hentry","category-ekonomi"],"_links":{"self":[{"href":"https:\/\/www.egemtv.com\/index.php?rest_route=\/wp\/v2\/posts\/50971","targetHints":{"allow":["GET"]}}],"collection":[{"href":"https:\/\/www.egemtv.com\/index.php?rest_route=\/wp\/v2\/posts"}],"about":[{"href":"https:\/\/www.egemtv.com\/index.php?rest_route=\/wp\/v2\/types\/post"}],"author":[{"embeddable":true,"href":"https:\/\/www.egemtv.com\/index.php?rest_route=\/wp\/v2\/users\/1"}],"replies":[{"embeddable":true,"href":"https:\/\/www.egemtv.com\/index.php?rest_route=%2Fwp%2Fv2%2Fcomments&post=50971"}],"version-history":[{"count":1,"href":"https:\/\/www.egemtv.com\/index.php?rest_route=\/wp\/v2\/posts\/50971\/revisions"}],"predecessor-version":[{"id":50973,"href":"https:\/\/www.egemtv.com\/index.php?rest_route=\/wp\/v2\/posts\/50971\/revisions\/50973"}],"wp:featuredmedia":[{"embeddable":true,"href":"https:\/\/www.egemtv.com\/index.php?rest_route=\/wp\/v2\/media\/50972"}],"wp:attachment":[{"href":"https:\/\/www.egemtv.com\/index.php?rest_route=%2Fwp%2Fv2%2Fmedia&parent=50971"}],"wp:term":[{"taxonomy":"category","embeddable":true,"href":"https:\/\/www.egemtv.com\/index.php?rest_route=%2Fwp%2Fv2%2Fcategories&post=50971"},{"taxonomy":"post_tag","embeddable":true,"href":"https:\/\/www.egemtv.com\/index.php?rest_route=%2Fwp%2Fv2%2Ftags&post=50971"}],"curies":[{"name":"wp","href":"https:\/\/api.w.org\/{rel}","templated":true}]}}