{"id":50665,"date":"2025-08-23T12:55:04","date_gmt":"2025-08-23T09:55:04","guid":{"rendered":"https:\/\/www.egemtv.com\/?p=50665"},"modified":"2025-08-23T12:55:05","modified_gmt":"2025-08-23T09:55:05","slug":"kutahyada-100-yil-kultur-ve-sosyal-isler-merkezi-acildi","status":"publish","type":"post","link":"https:\/\/www.egemtv.com\/?p=50665","title":{"rendered":"K\u00fctahya\u2019da 100. Y\u0131l K\u00fclt\u00fcr ve Sosyal \u0130\u015fler Merkezi a\u00e7\u0131ld\u0131"},"content":{"rendered":"<p>K\u00fctahya Belediyesi taraf\u0131ndan \u015fehrin k\u00fclt\u00fcr, sanat ve sosyal hayat\u0131na katk\u0131 sa\u011flamak amac\u0131yla hayata ge\u00e7irilen 100. Y\u0131l K\u00fclt\u00fcr ve Sosyal \u0130\u015fler Merkezi, d\u00fczenlenen t\u00f6renle hizmete girdi. A\u00e7\u0131l\u0131\u015fa \u00e7ok say\u0131da vatanda\u015f yo\u011fun ilgi g\u00f6sterdi.<br \/>\n<br \/>T\u00f6rende konu\u015fan K\u00fctahya Belediye Ba\u015fkan Yard\u0131mc\u0131s\u0131 Ha\u015fim Ertekin, merkezin sadece k\u00fclt\u00fcr ve sanat faaliyetlerine de\u011fil, ayn\u0131 zamanda toplumsal birlikteli\u011fe de katk\u0131 sunaca\u011f\u0131n\u0131 belirterek \u015funlar\u0131 s\u00f6yledi:<br \/>\n<br \/>&#8220;Burada d\u00fc\u011f\u00fcnler yap\u0131lacak, ni\u015fanlar kutlanacak, k\u0131na geceleri, mevlitler, toplant\u0131lar ve nice \u00f6zel g\u00fcnler payla\u015f\u0131lacak. Bu merkezin kap\u0131lar\u0131, belediyemiz ve di\u011fer kurumlar taraf\u0131ndan d\u00fczenlenecek konserlere, tiyatrolara, sergilere, s\u00f6yle\u015filere ve k\u00fclt\u00fcr-sanatla ilgili her t\u00fcrl\u00fc faaliyete a\u00e7\u0131k olacak. \u00c7\u00fcnk\u00fc inan\u0131yoruz ki k\u00fclt\u00fcr ve sanat, bizleri gelece\u011fe ta\u015f\u0131yan en g\u00fc\u00e7l\u00fc damard\u0131r.&#8221;<br \/>\n<br \/>&#8220;D\u00fcn\u00fcn eme\u011fini bug\u00fcn\u00fcn gayretiyle birle\u015ftirdik&#8221; diyen Ertekin, merkezin ge\u00e7mi\u015f d\u00f6nem Belediye Ba\u015fkan\u0131 Prof. Dr. Alim I\u015f\u0131k taraf\u0131ndan ba\u015flat\u0131lan bir proje oldu\u011funu, mevcut y\u00f6netim taraf\u0131ndan tamamlanarak hizmete sunuldu\u011funu kaydetti. Ertekin, projeye katk\u0131 sa\u011flayan herkese te\u015fekk\u00fcr ederek merkezin K\u00fctahya\u2019ya hay\u0131rl\u0131 olmas\u0131n\u0131 diledi.<br \/>\n<br \/>537 metrekare kapal\u0131 alana sahip olan ve 500-600 ki\u015filik kapasitesi ile hizmet verecek merkez, vatanda\u015flar\u0131n d\u00fc\u011f\u00fcn, ni\u015fan, toplant\u0131 gibi \u00f6zel g\u00fcnlerinin yan\u0131 s\u0131ra konser, tiyatro, sergi ve s\u00f6yle\u015fi gibi etkinliklere ev sahipli\u011fi yapacak.<br \/><\/p>\n","protected":false},"excerpt":{"rendered":"<p>K\u00fctahya Belediyesi taraf\u0131ndan \u015fehrin k\u00fclt\u00fcr, sanat ve sosyal hayat\u0131na katk\u0131 sa\u011flamak amac\u0131yla hayata ge\u00e7irilen 100. Y\u0131l K\u00fclt\u00fcr ve Sosyal \u0130\u015fler Merkezi, d\u00fczenlenen t\u00f6renle hizmete girdi. A\u00e7\u0131l\u0131\u015fa \u00e7ok say\u0131da vatanda\u015f yo\u011fun ilgi g\u00f6sterdi. T\u00f6rende konu\u015fan K\u00fctahya Belediye Ba\u015fkan Yard\u0131mc\u0131s\u0131 Ha\u015fim Ertekin, merkezin sadece k\u00fclt\u00fcr ve sanat faaliyetlerine de\u011fil, ayn\u0131 zamanda toplumsal birlikteli\u011fe de katk\u0131 sunaca\u011f\u0131n\u0131 belirterek&#8230;<\/p>\n","protected":false},"author":1,"featured_media":50666,"comment_status":"open","ping_status":"open","sticky":false,"template":"","format":"standard","meta":{"_crdt_document":"","footnotes":""},"categories":[123],"tags":[],"class_list":["post-50665","post","type-post","status-publish","format-standard","has-post-thumbnail","hentry","category-gundem"],"_links":{"self":[{"href":"https:\/\/www.egemtv.com\/index.php?rest_route=\/wp\/v2\/posts\/50665","targetHints":{"allow":["GET"]}}],"collection":[{"href":"https:\/\/www.egemtv.com\/index.php?rest_route=\/wp\/v2\/posts"}],"about":[{"href":"https:\/\/www.egemtv.com\/index.php?rest_route=\/wp\/v2\/types\/post"}],"author":[{"embeddable":true,"href":"https:\/\/www.egemtv.com\/index.php?rest_route=\/wp\/v2\/users\/1"}],"replies":[{"embeddable":true,"href":"https:\/\/www.egemtv.com\/index.php?rest_route=%2Fwp%2Fv2%2Fcomments&post=50665"}],"version-history":[{"count":1,"href":"https:\/\/www.egemtv.com\/index.php?rest_route=\/wp\/v2\/posts\/50665\/revisions"}],"predecessor-version":[{"id":50667,"href":"https:\/\/www.egemtv.com\/index.php?rest_route=\/wp\/v2\/posts\/50665\/revisions\/50667"}],"wp:featuredmedia":[{"embeddable":true,"href":"https:\/\/www.egemtv.com\/index.php?rest_route=\/wp\/v2\/media\/50666"}],"wp:attachment":[{"href":"https:\/\/www.egemtv.com\/index.php?rest_route=%2Fwp%2Fv2%2Fmedia&parent=50665"}],"wp:term":[{"taxonomy":"category","embeddable":true,"href":"https:\/\/www.egemtv.com\/index.php?rest_route=%2Fwp%2Fv2%2Fcategories&post=50665"},{"taxonomy":"post_tag","embeddable":true,"href":"https:\/\/www.egemtv.com\/index.php?rest_route=%2Fwp%2Fv2%2Ftags&post=50665"}],"curies":[{"name":"wp","href":"https:\/\/api.w.org\/{rel}","templated":true}]}}