{"id":50662,"date":"2025-08-23T12:55:02","date_gmt":"2025-08-23T09:55:02","guid":{"rendered":"https:\/\/www.egemtv.com\/?p=50662"},"modified":"2025-08-23T12:55:04","modified_gmt":"2025-08-23T09:55:04","slug":"barajlar-bosaldi-bidonlar-doldu","status":"publish","type":"post","link":"https:\/\/www.egemtv.com\/?p=50662","title":{"rendered":"Barajlar bo\u015fald\u0131, bidonlar doldu"},"content":{"rendered":"<p>\u0130zmir\u2019de barajlardaki su seviyesinin kritik seviyelere d\u00fc\u015fmesi nedeniyle uygulanan su kesintileri, vatanda\u015flar\u0131n bidon ve su depolama \u00fcr\u00fcnlerine olan talebini art\u0131rd\u0131. Kentte bidon sat\u0131\u015flar\u0131n\u0131n ge\u00e7en y\u0131la g\u00f6re iki kat\u0131na \u00e7\u0131kt\u0131\u011f\u0131 \u00f6\u011frenildi.<br \/>\n<br \/>\u0130zmir\u2019de 6 A\u011fustos\u2019ta ba\u015flayan gece su kesintileri, yeni planlama do\u011frultusunda 3 g\u00fcnde bir uygulanmaya devam ediyor. Kurakl\u0131k ve azalan su kaynaklar\u0131 nedeniyle vatanda\u015flar, evlerinde suyu depolamak i\u00e7in bidonlara y\u00f6neldi.<\/p>\n<p>\u0130ki kat artt\u0131<br \/>\n<br \/>Bidon \u00fcretim fabrikas\u0131 sahibi An\u0131l \u00d6z\u00fcduru, talepte ciddi bir art\u0131\u015f oldu\u011funu belirterek, &#8220;Su stoklama ve su ta\u015f\u0131ma \u00fcr\u00fcnlerimize talep ge\u00e7en seneye g\u00f6re iki kat artt\u0131. Olan su kesintilerinden dolay\u0131 vatanda\u015flar\u0131m\u0131z do\u011fal olarak endi\u015feleniyor. Biz de depolar\u0131m\u0131zda haz\u0131r stok bulundurup bayilerimize h\u0131zl\u0131ca tedarik ediyoruz&#8221; dedi.<br \/>\n<br \/>\u00dcr\u00fcnlerinin g\u0131daya uygun ve dayan\u0131kl\u0131 oldu\u011funa dikkat \u00e7eken \u00d6z\u00fcduru, &#8220;\u0130\u00e7 y\u00fczeyi beyaz, d\u0131\u015f\u0131 mavi, \u00e7ift katl\u0131 \u00fcr\u00fcnlerimiz var. Vatanda\u015flar\u0131m\u0131z bu bidonlar\u0131 hem uzun s\u00fcreli stok hem de g\u00fcnl\u00fck su ta\u015f\u0131ma i\u00e7in kullan\u0131yor. En \u00e7ok 220 litrelik, 30 litrelik ve 20 litrelik bidonlar\u0131m\u0131z tercih ediliyor. Ge\u00e7en seneye g\u00f6re \u00fcretimimiz de iki kat artt\u0131&#8221; ifadelerini kulland\u0131.<br \/>\n<br \/>Vatanda\u015flar\u0131n, kal\u0131c\u0131 \u00e7\u00f6z\u00fcm bulunana kadar bidonlarla su depolayarak kendilerini korumaya \u00e7al\u0131\u015ft\u0131\u011f\u0131n\u0131 s\u00f6yleyen \u00d6z\u00fcduru, su krizinin k\u0131sa s\u00fcrede \u00e7\u00f6z\u00fcme kavu\u015fmas\u0131n\u0131 temenni ettiklerini dile getirdi.<br \/><\/p>\n","protected":false},"excerpt":{"rendered":"<p>\u0130zmir\u2019de barajlardaki su seviyesinin kritik seviyelere d\u00fc\u015fmesi nedeniyle uygulanan su kesintileri, vatanda\u015flar\u0131n bidon ve su depolama \u00fcr\u00fcnlerine olan talebini art\u0131rd\u0131. Kentte bidon sat\u0131\u015flar\u0131n\u0131n ge\u00e7en y\u0131la g\u00f6re iki kat\u0131na \u00e7\u0131kt\u0131\u011f\u0131 \u00f6\u011frenildi. \u0130zmir\u2019de 6 A\u011fustos\u2019ta ba\u015flayan gece su kesintileri, yeni planlama do\u011frultusunda 3 g\u00fcnde bir uygulanmaya devam ediyor. Kurakl\u0131k ve azalan su kaynaklar\u0131 nedeniyle vatanda\u015flar, evlerinde suyu&#8230;<\/p>\n","protected":false},"author":1,"featured_media":50663,"comment_status":"open","ping_status":"open","sticky":false,"template":"","format":"standard","meta":{"_crdt_document":"","footnotes":""},"categories":[1],"tags":[],"class_list":["post-50662","post","type-post","status-publish","format-standard","has-post-thumbnail","hentry","category-guncel"],"_links":{"self":[{"href":"https:\/\/www.egemtv.com\/index.php?rest_route=\/wp\/v2\/posts\/50662","targetHints":{"allow":["GET"]}}],"collection":[{"href":"https:\/\/www.egemtv.com\/index.php?rest_route=\/wp\/v2\/posts"}],"about":[{"href":"https:\/\/www.egemtv.com\/index.php?rest_route=\/wp\/v2\/types\/post"}],"author":[{"embeddable":true,"href":"https:\/\/www.egemtv.com\/index.php?rest_route=\/wp\/v2\/users\/1"}],"replies":[{"embeddable":true,"href":"https:\/\/www.egemtv.com\/index.php?rest_route=%2Fwp%2Fv2%2Fcomments&post=50662"}],"version-history":[{"count":1,"href":"https:\/\/www.egemtv.com\/index.php?rest_route=\/wp\/v2\/posts\/50662\/revisions"}],"predecessor-version":[{"id":50664,"href":"https:\/\/www.egemtv.com\/index.php?rest_route=\/wp\/v2\/posts\/50662\/revisions\/50664"}],"wp:featuredmedia":[{"embeddable":true,"href":"https:\/\/www.egemtv.com\/index.php?rest_route=\/wp\/v2\/media\/50663"}],"wp:attachment":[{"href":"https:\/\/www.egemtv.com\/index.php?rest_route=%2Fwp%2Fv2%2Fmedia&parent=50662"}],"wp:term":[{"taxonomy":"category","embeddable":true,"href":"https:\/\/www.egemtv.com\/index.php?rest_route=%2Fwp%2Fv2%2Fcategories&post=50662"},{"taxonomy":"post_tag","embeddable":true,"href":"https:\/\/www.egemtv.com\/index.php?rest_route=%2Fwp%2Fv2%2Ftags&post=50662"}],"curies":[{"name":"wp","href":"https:\/\/api.w.org\/{rel}","templated":true}]}}