{"id":50659,"date":"2025-08-23T12:35:09","date_gmt":"2025-08-23T09:35:09","guid":{"rendered":"https:\/\/www.egemtv.com\/?p=50659"},"modified":"2025-08-23T12:35:09","modified_gmt":"2025-08-23T09:35:09","slug":"jandarmadan-tarlalarda-hirsizliga-karsi-nobet","status":"publish","type":"post","link":"https:\/\/www.egemtv.com\/?p=50659","title":{"rendered":"Jandarmadan tarlalarda h\u0131rs\u0131zl\u0131\u011fa kar\u015f\u0131 n\u00f6bet"},"content":{"rendered":"<p>Ayd\u0131n\u2019\u0131n Efeler il\u00e7esinde tar\u0131msal \u00fcr\u00fcn h\u0131rs\u0131zl\u0131klar\u0131n\u0131 \u00f6nlemek i\u00e7in jandarma ekipleri k\u00f6y k\u00f6y devriye gezerek hem tarlalar\u0131 kontrol etti hem de\u00e7ift\u00e7ileri bilgilendirdi.<br \/>\n<br \/>Ayd\u0131n \u0130l Jandarma Komutanl\u0131\u011f\u0131 koordinesinde tar\u0131msal \u00fcr\u00fcn h\u0131rs\u0131zl\u0131\u011f\u0131n\u0131 \u00f6nlemek amac\u0131yla y\u00fcr\u00fct\u00fclen \u00e7al\u0131\u015fmalar h\u0131z kesmiyor. Bu \u00e7er\u00e7evede ekipler Efeler il\u00e7esinde de geni\u015f kapsaml\u0131 denetim ger\u00e7ekle\u015ftirdi. Efeler \u0130l\u00e7e Jandarma Komutanl\u0131\u011f\u0131 ve Ayd\u0131n Jandarma Komando Tabur Komutanl\u0131\u011f\u0131nca m\u00fc\u015fterek olarak Karde\u015fk\u00f6y, K\u0131z\u0131lcak\u00f6y, \u0130mamk\u00f6y, Musluca, E\u011frikavak mahallelerinde tar\u0131msal \u00fcr\u00fcn h\u0131rs\u0131zl\u0131klar\u0131n\u0131n \u00f6nlenmesine y\u00f6nelik Jandarma Komando, Asayi\u015f, Motorlu Asayi\u015f Timleri taraf\u0131ndan \u00f6nleyici devriye faaliyeti ger\u00e7ekle\u015ftirildi. Devriye esnas\u0131nda bah\u00e7ede, tarlada \u00e7al\u0131\u015fan vatanda\u015flar ile \u00e7ift\u00e7iler de h\u0131rs\u0131zl\u0131k olaylar\u0131na kar\u015f\u0131 tedbirli ve dikkatli olmalar\u0131 konusunda bilgilendirildi. Tar\u0131msal \u00fcr\u00fcn h\u0131rs\u0131zl\u0131klar\u0131na kar\u015f\u0131 devriye faaliyetlerinin devam edece\u011fi \u00f6\u011frenildi.<br \/><\/p>\n","protected":false},"excerpt":{"rendered":"<p>Ayd\u0131n\u2019\u0131n Efeler il\u00e7esinde tar\u0131msal \u00fcr\u00fcn h\u0131rs\u0131zl\u0131klar\u0131n\u0131 \u00f6nlemek i\u00e7in jandarma ekipleri k\u00f6y k\u00f6y devriye gezerek hem tarlalar\u0131 kontrol etti hem de\u00e7ift\u00e7ileri bilgilendirdi. Ayd\u0131n \u0130l Jandarma Komutanl\u0131\u011f\u0131 koordinesinde tar\u0131msal \u00fcr\u00fcn h\u0131rs\u0131zl\u0131\u011f\u0131n\u0131 \u00f6nlemek amac\u0131yla y\u00fcr\u00fct\u00fclen \u00e7al\u0131\u015fmalar h\u0131z kesmiyor. Bu \u00e7er\u00e7evede ekipler Efeler il\u00e7esinde de geni\u015f kapsaml\u0131 denetim ger\u00e7ekle\u015ftirdi. Efeler \u0130l\u00e7e Jandarma Komutanl\u0131\u011f\u0131 ve Ayd\u0131n Jandarma Komando Tabur Komutanl\u0131\u011f\u0131nca&#8230;<\/p>\n","protected":false},"author":1,"featured_media":50660,"comment_status":"open","ping_status":"open","sticky":false,"template":"","format":"standard","meta":{"_crdt_document":"","footnotes":""},"categories":[5],"tags":[],"class_list":["post-50659","post","type-post","status-publish","format-standard","has-post-thumbnail","hentry","category-asayis"],"_links":{"self":[{"href":"https:\/\/www.egemtv.com\/index.php?rest_route=\/wp\/v2\/posts\/50659","targetHints":{"allow":["GET"]}}],"collection":[{"href":"https:\/\/www.egemtv.com\/index.php?rest_route=\/wp\/v2\/posts"}],"about":[{"href":"https:\/\/www.egemtv.com\/index.php?rest_route=\/wp\/v2\/types\/post"}],"author":[{"embeddable":true,"href":"https:\/\/www.egemtv.com\/index.php?rest_route=\/wp\/v2\/users\/1"}],"replies":[{"embeddable":true,"href":"https:\/\/www.egemtv.com\/index.php?rest_route=%2Fwp%2Fv2%2Fcomments&post=50659"}],"version-history":[{"count":1,"href":"https:\/\/www.egemtv.com\/index.php?rest_route=\/wp\/v2\/posts\/50659\/revisions"}],"predecessor-version":[{"id":50661,"href":"https:\/\/www.egemtv.com\/index.php?rest_route=\/wp\/v2\/posts\/50659\/revisions\/50661"}],"wp:featuredmedia":[{"embeddable":true,"href":"https:\/\/www.egemtv.com\/index.php?rest_route=\/wp\/v2\/media\/50660"}],"wp:attachment":[{"href":"https:\/\/www.egemtv.com\/index.php?rest_route=%2Fwp%2Fv2%2Fmedia&parent=50659"}],"wp:term":[{"taxonomy":"category","embeddable":true,"href":"https:\/\/www.egemtv.com\/index.php?rest_route=%2Fwp%2Fv2%2Fcategories&post=50659"},{"taxonomy":"post_tag","embeddable":true,"href":"https:\/\/www.egemtv.com\/index.php?rest_route=%2Fwp%2Fv2%2Ftags&post=50659"}],"curies":[{"name":"wp","href":"https:\/\/api.w.org\/{rel}","templated":true}]}}