{"id":50656,"date":"2025-08-23T12:35:08","date_gmt":"2025-08-23T09:35:08","guid":{"rendered":"https:\/\/www.egemtv.com\/?p=50656"},"modified":"2025-08-23T12:35:09","modified_gmt":"2025-08-23T09:35:09","slug":"babadan-ogula-aktarilan-asirlik-kuyu-kebabi-gelenegi-suruyor","status":"publish","type":"post","link":"https:\/\/www.egemtv.com\/?p=50656","title":{"rendered":"Babadan o\u011fula aktar\u0131lan as\u0131rl\u0131k kuyu kebab\u0131 gelene\u011fi s\u00fcr\u00fcyor"},"content":{"rendered":"<p>Burdur\u2019da yakla\u015f\u0131k bir as\u0131rd\u0131r yap\u0131lan kuyu kebab\u0131 gelene\u011fini 35 y\u0131ld\u0131r s\u00fcrd\u00fcren Mehmet G\u00fcng\u00f6r, babas\u0131ndan devrald\u0131\u011f\u0131 mesle\u011fi g\u00fcn\u00fcm\u00fczde ya\u015fat\u0131yor. S\u00fct kuzusu ya da o\u011flaktan yap\u0131lan kebap, kuyuda yakla\u015f\u0131k 2 saatlik pi\u015firme s\u00fcrecinin ard\u0131ndan kilosu bin 300 liradan sat\u0131\u015fa sunuluyor.<br \/>\n<br \/>Burdur\u2019un G\u00f6lhisar il\u00e7esinde kuyu kebab\u0131 gelene\u011fi, 100 y\u0131l\u0131 a\u015fk\u0131n s\u00fcredir devam ediyor. \u0130l\u00e7ede kebap\u00e7\u0131l\u0131k yapan Mehmet G\u00fcng\u00f6r, babas\u0131ndan \u00f6\u011frendi\u011fi mesle\u011fi 35 y\u0131ld\u0131r s\u00fcrd\u00fcr\u00fcyor. G\u00fcnl\u00fck iki kez pi\u015firilen kebap, uzun ve zahmetli bir s\u00fcrecin ard\u0131ndan m\u00fc\u015fterilere ula\u015ft\u0131r\u0131l\u0131yor. Kebap, s\u00fct kuzusu ya da o\u011flaktan haz\u0131rlan\u0131yor. Kuyunun i\u00e7indeki tu\u011flalar\u0131n k\u0131zg\u0131nl\u0131\u011f\u0131yla 2 ila 2,5 saat pi\u015firilen kebap, kilosu bin 300 liradan sat\u0131\u015fa sunuluyor.<\/p>\n<p>&#8220;Baba mesle\u011fi olan kebap\u00e7\u0131l\u0131\u011f\u0131 yakla\u015f\u0131k 30-35 y\u0131ld\u0131r yap\u0131yoruz&#8221;<br \/>\n<br \/>Kebab\u0131n haz\u0131rlan\u0131\u015f s\u00fcrecini anlatan Mehmet G\u00fcng\u00f6r, &#8220;Baba mesle\u011fi olan kebap\u00e7\u0131l\u0131\u011f\u0131 yakla\u015f\u0131k 30-35 y\u0131ld\u0131r yap\u0131yoruz. \u00d6nce kuzu veya o\u011flaklar\u0131m\u0131z\u0131 haz\u0131rl\u0131yoruz. Ard\u0131ndan pi\u015firece\u011fimiz kuyuyu haz\u0131r hale getiriyoruz. Hayvanlar\u0131m\u0131z\u0131 kuyuya yerle\u015ftirdikten sonra, hava almayacak \u015fekilde \u00e7amurla s\u0131vay\u0131p kapat\u0131yoruz. Yakla\u015f\u0131k 2 saatin sonunda kebaplar\u0131m\u0131z kuyudan \u00e7\u0131kar\u0131larak sat\u0131\u015fa sunulacak hale geliyor&#8221; dedi.<br \/><\/p>\n","protected":false},"excerpt":{"rendered":"<p>Burdur\u2019da yakla\u015f\u0131k bir as\u0131rd\u0131r yap\u0131lan kuyu kebab\u0131 gelene\u011fini 35 y\u0131ld\u0131r s\u00fcrd\u00fcren Mehmet G\u00fcng\u00f6r, babas\u0131ndan devrald\u0131\u011f\u0131 mesle\u011fi g\u00fcn\u00fcm\u00fczde ya\u015fat\u0131yor. S\u00fct kuzusu ya da o\u011flaktan yap\u0131lan kebap, kuyuda yakla\u015f\u0131k 2 saatlik pi\u015firme s\u00fcrecinin ard\u0131ndan kilosu bin 300 liradan sat\u0131\u015fa sunuluyor. Burdur\u2019un G\u00f6lhisar il\u00e7esinde kuyu kebab\u0131 gelene\u011fi, 100 y\u0131l\u0131 a\u015fk\u0131n s\u00fcredir devam ediyor. \u0130l\u00e7ede kebap\u00e7\u0131l\u0131k yapan Mehmet G\u00fcng\u00f6r,&#8230;<\/p>\n","protected":false},"author":1,"featured_media":50657,"comment_status":"open","ping_status":"open","sticky":false,"template":"","format":"standard","meta":{"_crdt_document":"","footnotes":""},"categories":[123],"tags":[],"class_list":["post-50656","post","type-post","status-publish","format-standard","has-post-thumbnail","hentry","category-gundem"],"_links":{"self":[{"href":"https:\/\/www.egemtv.com\/index.php?rest_route=\/wp\/v2\/posts\/50656","targetHints":{"allow":["GET"]}}],"collection":[{"href":"https:\/\/www.egemtv.com\/index.php?rest_route=\/wp\/v2\/posts"}],"about":[{"href":"https:\/\/www.egemtv.com\/index.php?rest_route=\/wp\/v2\/types\/post"}],"author":[{"embeddable":true,"href":"https:\/\/www.egemtv.com\/index.php?rest_route=\/wp\/v2\/users\/1"}],"replies":[{"embeddable":true,"href":"https:\/\/www.egemtv.com\/index.php?rest_route=%2Fwp%2Fv2%2Fcomments&post=50656"}],"version-history":[{"count":1,"href":"https:\/\/www.egemtv.com\/index.php?rest_route=\/wp\/v2\/posts\/50656\/revisions"}],"predecessor-version":[{"id":50658,"href":"https:\/\/www.egemtv.com\/index.php?rest_route=\/wp\/v2\/posts\/50656\/revisions\/50658"}],"wp:featuredmedia":[{"embeddable":true,"href":"https:\/\/www.egemtv.com\/index.php?rest_route=\/wp\/v2\/media\/50657"}],"wp:attachment":[{"href":"https:\/\/www.egemtv.com\/index.php?rest_route=%2Fwp%2Fv2%2Fmedia&parent=50656"}],"wp:term":[{"taxonomy":"category","embeddable":true,"href":"https:\/\/www.egemtv.com\/index.php?rest_route=%2Fwp%2Fv2%2Fcategories&post=50656"},{"taxonomy":"post_tag","embeddable":true,"href":"https:\/\/www.egemtv.com\/index.php?rest_route=%2Fwp%2Fv2%2Ftags&post=50656"}],"curies":[{"name":"wp","href":"https:\/\/api.w.org\/{rel}","templated":true}]}}