{"id":50653,"date":"2025-08-23T12:35:07","date_gmt":"2025-08-23T09:35:07","guid":{"rendered":"https:\/\/www.egemtv.com\/?p=50653"},"modified":"2025-08-23T12:35:08","modified_gmt":"2025-08-23T09:35:08","slug":"iyi-partide-kongre-sureci-basliyor","status":"publish","type":"post","link":"https:\/\/www.egemtv.com\/?p=50653","title":{"rendered":"\u0130Y\u0130 Parti\u2019de kongre s\u00fcreci ba\u015fl\u0131yor"},"content":{"rendered":"<p>\u0130Y\u0130 Parti Manisa \u0130l Ba\u015fkan\u0131 Ali Zafer \u0130ksir, 27 A\u011fustos tarihi itibar\u0131yla partinin ola\u011fan kongre s\u00fcrecinin ba\u015flayaca\u011f\u0131n\u0131 duyurdu.<br \/>\n<br \/>\u0130l\u00e7e ba\u015fkanlar\u0131yla bir araya geldikleri toplant\u0131da a\u00e7\u0131klamalarda bulunan Ba\u015fkan \u0130ksir, delege se\u00e7imleri ve kongre tarihlerinin ilerleyen g\u00fcnlerde a\u00e7\u0131klanaca\u011f\u0131n\u0131 belirtti.<br \/>\n<br \/>Ba\u015fkan \u0130ksir konu\u015fmas\u0131nda, &#8220;\u0130Y\u0130 Parti olarak \u00e7ok zor engelleri a\u015farak bug\u00fcnlere geldik. Her t\u00fcrl\u00fc engellemeye, arkam\u0131zdan \u00e7evrilen oyunlara ra\u011fmen T\u00fcrk milleti ad\u0131na do\u011frunun ve adaletin yan\u0131nda olduk, olmaya da devam ediyoruz. Bug\u00fcn burada 17 il\u00e7e ba\u015fkan\u0131m\u0131zla bir araya gelerek, genel idare kurulumuzun ald\u0131\u011f\u0131 karar gere\u011fi 27 A\u011fustos\u2019ta ba\u015flat\u0131lacak ola\u011fan kongre s\u00fcrecimiz \u00fczerine isti\u015farelerde bulunduk. Kongre takvimimizi, delege se\u00e7imleri ve kongre tarihlerimiz netle\u015fince tekrar bas\u0131n\u0131m\u0131zla payla\u015faca\u011f\u0131z. 4. Ola\u011fan Kongre s\u00fcrecimiz \u00fclkemize, \u015fehrimize ve partimize hay\u0131rl\u0131 olsun&#8221; ifadelerini kulland\u0131.<br \/><\/p>\n","protected":false},"excerpt":{"rendered":"<p>\u0130Y\u0130 Parti Manisa \u0130l Ba\u015fkan\u0131 Ali Zafer \u0130ksir, 27 A\u011fustos tarihi itibar\u0131yla partinin ola\u011fan kongre s\u00fcrecinin ba\u015flayaca\u011f\u0131n\u0131 duyurdu. \u0130l\u00e7e ba\u015fkanlar\u0131yla bir araya geldikleri toplant\u0131da a\u00e7\u0131klamalarda bulunan Ba\u015fkan \u0130ksir, delege se\u00e7imleri ve kongre tarihlerinin ilerleyen g\u00fcnlerde a\u00e7\u0131klanaca\u011f\u0131n\u0131 belirtti. Ba\u015fkan \u0130ksir konu\u015fmas\u0131nda, &#8220;\u0130Y\u0130 Parti olarak \u00e7ok zor engelleri a\u015farak bug\u00fcnlere geldik. Her t\u00fcrl\u00fc engellemeye, arkam\u0131zdan \u00e7evrilen oyunlara&#8230;<\/p>\n","protected":false},"author":1,"featured_media":50654,"comment_status":"open","ping_status":"open","sticky":false,"template":"","format":"standard","meta":{"_crdt_document":"","footnotes":""},"categories":[127],"tags":[],"class_list":["post-50653","post","type-post","status-publish","format-standard","has-post-thumbnail","hentry","category-siyaset"],"_links":{"self":[{"href":"https:\/\/www.egemtv.com\/index.php?rest_route=\/wp\/v2\/posts\/50653","targetHints":{"allow":["GET"]}}],"collection":[{"href":"https:\/\/www.egemtv.com\/index.php?rest_route=\/wp\/v2\/posts"}],"about":[{"href":"https:\/\/www.egemtv.com\/index.php?rest_route=\/wp\/v2\/types\/post"}],"author":[{"embeddable":true,"href":"https:\/\/www.egemtv.com\/index.php?rest_route=\/wp\/v2\/users\/1"}],"replies":[{"embeddable":true,"href":"https:\/\/www.egemtv.com\/index.php?rest_route=%2Fwp%2Fv2%2Fcomments&post=50653"}],"version-history":[{"count":1,"href":"https:\/\/www.egemtv.com\/index.php?rest_route=\/wp\/v2\/posts\/50653\/revisions"}],"predecessor-version":[{"id":50655,"href":"https:\/\/www.egemtv.com\/index.php?rest_route=\/wp\/v2\/posts\/50653\/revisions\/50655"}],"wp:featuredmedia":[{"embeddable":true,"href":"https:\/\/www.egemtv.com\/index.php?rest_route=\/wp\/v2\/media\/50654"}],"wp:attachment":[{"href":"https:\/\/www.egemtv.com\/index.php?rest_route=%2Fwp%2Fv2%2Fmedia&parent=50653"}],"wp:term":[{"taxonomy":"category","embeddable":true,"href":"https:\/\/www.egemtv.com\/index.php?rest_route=%2Fwp%2Fv2%2Fcategories&post=50653"},{"taxonomy":"post_tag","embeddable":true,"href":"https:\/\/www.egemtv.com\/index.php?rest_route=%2Fwp%2Fv2%2Ftags&post=50653"}],"curies":[{"name":"wp","href":"https:\/\/api.w.org\/{rel}","templated":true}]}}