{"id":50650,"date":"2025-08-23T12:35:06","date_gmt":"2025-08-23T09:35:06","guid":{"rendered":"https:\/\/www.egemtv.com\/?p=50650"},"modified":"2025-08-23T12:35:07","modified_gmt":"2025-08-23T09:35:07","slug":"buyuksehir-zabitasindan-hijyen-ve-etiket-denetimi","status":"publish","type":"post","link":"https:\/\/www.egemtv.com\/?p=50650","title":{"rendered":"B\u00fcy\u00fck\u015fehir zab\u0131tas\u0131ndan hijyen ve etiket denetimi"},"content":{"rendered":"<p>Mu\u011fla B\u00fcy\u00fck\u015fehir Belediyesi, halk sa\u011fl\u0131\u011f\u0131n\u0131 korumak amac\u0131yla Temmuz ve A\u011fustos aylar\u0131nda il genelinde yo\u011fun denetimler ger\u00e7ekle\u015ftirdi. Zab\u0131ta ekiplerinin y\u00fcr\u00fctt\u00fc\u011f\u00fc kontrollerde sa\u011fl\u0131ks\u0131z \u015fartlarda ta\u015f\u0131nd\u0131\u011f\u0131 belirlenen 80 kilogram et \u00fcr\u00fcn\u00fc, 10 kilogram s\u00fct \u00fcr\u00fcn\u00fc ve 130 kilogram midye tespit edilerek imha edildi.<br \/>\n<br \/>\u0130l genelinde yap\u0131lan denetimler kapsam\u0131nda 46 f\u0131r\u0131n ve pastane kontrol edildi. Hijyen, gramaj ve son kullanma tarihi y\u00f6n\u00fcnden yap\u0131lan incelemeler sonucunda, hijyen kurallar\u0131na uymad\u0131\u011f\u0131 belirlenen 4 i\u015fletmeye denetim tutana\u011f\u0131 d\u00fczenlendi.<br \/>\n<br \/>Fiyat etiketleri ve son kullanma tarihleri kontrol edildi<br \/>\n<br \/>\u00d6te yandan, 34 zincir markette ger\u00e7ekle\u015ftirilen fiyat, etiket ve son kullanma tarihi denetimlerinde 11 bin 263 kalem \u00fcr\u00fcn incelendi. Yap\u0131lan kontrollerde son kullanma tarihi ge\u00e7mi\u015f 69 kalemde 1425 adet \u00fcr\u00fcn tespit edilerek sat\u0131\u015ftan men edildi.<br \/>\n<br \/>Mu\u011fla B\u00fcy\u00fck\u015fehir Belediyesi, halk sa\u011fl\u0131\u011f\u0131n\u0131 tehdit edebilecek her t\u00fcrl\u00fc olumsuzlu\u011fun \u00f6n\u00fcne ge\u00e7mek i\u00e7in denetimlerini aral\u0131ks\u0131z s\u00fcrd\u00fcr\u00fcyor. Yetkililer, vatanda\u015flar\u0131n g\u00fcvenli g\u0131da t\u00fcketebilmesi i\u00e7in d\u00fczenli ve titiz bir \u015fekilde denetimlerin devam edece\u011fini vurgulad\u0131.<br \/>\n<br \/>Ba\u015fkan \u015ean: &#8220;Sa\u011fl\u0131ks\u0131z \u015fartlarda \u00fcretilen ya da sat\u0131lan \u00fcr\u00fcnlere asla m\u00fcsamaha g\u00f6stermiyoruz&#8221;<br \/>\n<br \/>Mu\u011fla B\u00fcy\u00fck\u015fehir Belediyesi Zab\u0131ta Daire Ba\u015fkan\u0131 Ahmet \u015ean a\u00e7\u0131klamas\u0131nda \u015funlar\u0131 s\u00f6yledi: &#8220;Vatanda\u015flar\u0131m\u0131z\u0131n g\u00fcvenli g\u0131daya ula\u015fabilmesi i\u00e7in il genelinde d\u00fczenli ve titiz denetimler ger\u00e7ekle\u015ftiriyoruz. Sa\u011fl\u0131ks\u0131z \u015fartlarda \u00fcretilen ya da sat\u0131lan \u00fcr\u00fcnlere asla m\u00fcsamaha g\u00f6stermiyoruz. Halk sa\u011fl\u0131\u011f\u0131na b\u00fcy\u00fck \u00f6nem veren B\u00fcy\u00fck\u015fehir Belediye Ba\u015fkan\u0131m\u0131z Say\u0131n Ahmet Aras\u2019\u0131n da hassasiyetle \u00fczerinde durdu\u011fu bu konuda, ekiplerimiz g\u00f6revini kararl\u0131l\u0131kla s\u00fcrd\u00fcrmeye devam edecek. Amac\u0131m\u0131z, Mu\u011fla\u2019da ya\u015fayan her bir vatanda\u015f\u0131m\u0131z\u0131n sa\u011fl\u0131kl\u0131 ve g\u00fcvenilir g\u0131daya ula\u015fmas\u0131n\u0131 sa\u011flamak&#8221; dedi.<br \/><\/p>\n","protected":false},"excerpt":{"rendered":"<p>Mu\u011fla B\u00fcy\u00fck\u015fehir Belediyesi, halk sa\u011fl\u0131\u011f\u0131n\u0131 korumak amac\u0131yla Temmuz ve A\u011fustos aylar\u0131nda il genelinde yo\u011fun denetimler ger\u00e7ekle\u015ftirdi. Zab\u0131ta ekiplerinin y\u00fcr\u00fctt\u00fc\u011f\u00fc kontrollerde sa\u011fl\u0131ks\u0131z \u015fartlarda ta\u015f\u0131nd\u0131\u011f\u0131 belirlenen 80 kilogram et \u00fcr\u00fcn\u00fc, 10 kilogram s\u00fct \u00fcr\u00fcn\u00fc ve 130 kilogram midye tespit edilerek imha edildi. \u0130l genelinde yap\u0131lan denetimler kapsam\u0131nda 46 f\u0131r\u0131n ve pastane kontrol edildi. Hijyen, gramaj ve son&#8230;<\/p>\n","protected":false},"author":1,"featured_media":50651,"comment_status":"open","ping_status":"open","sticky":false,"template":"","format":"standard","meta":{"_crdt_document":"","footnotes":""},"categories":[2],"tags":[],"class_list":["post-50650","post","type-post","status-publish","format-standard","has-post-thumbnail","hentry","category-saglik"],"_links":{"self":[{"href":"https:\/\/www.egemtv.com\/index.php?rest_route=\/wp\/v2\/posts\/50650","targetHints":{"allow":["GET"]}}],"collection":[{"href":"https:\/\/www.egemtv.com\/index.php?rest_route=\/wp\/v2\/posts"}],"about":[{"href":"https:\/\/www.egemtv.com\/index.php?rest_route=\/wp\/v2\/types\/post"}],"author":[{"embeddable":true,"href":"https:\/\/www.egemtv.com\/index.php?rest_route=\/wp\/v2\/users\/1"}],"replies":[{"embeddable":true,"href":"https:\/\/www.egemtv.com\/index.php?rest_route=%2Fwp%2Fv2%2Fcomments&post=50650"}],"version-history":[{"count":1,"href":"https:\/\/www.egemtv.com\/index.php?rest_route=\/wp\/v2\/posts\/50650\/revisions"}],"predecessor-version":[{"id":50652,"href":"https:\/\/www.egemtv.com\/index.php?rest_route=\/wp\/v2\/posts\/50650\/revisions\/50652"}],"wp:featuredmedia":[{"embeddable":true,"href":"https:\/\/www.egemtv.com\/index.php?rest_route=\/wp\/v2\/media\/50651"}],"wp:attachment":[{"href":"https:\/\/www.egemtv.com\/index.php?rest_route=%2Fwp%2Fv2%2Fmedia&parent=50650"}],"wp:term":[{"taxonomy":"category","embeddable":true,"href":"https:\/\/www.egemtv.com\/index.php?rest_route=%2Fwp%2Fv2%2Fcategories&post=50650"},{"taxonomy":"post_tag","embeddable":true,"href":"https:\/\/www.egemtv.com\/index.php?rest_route=%2Fwp%2Fv2%2Ftags&post=50650"}],"curies":[{"name":"wp","href":"https:\/\/api.w.org\/{rel}","templated":true}]}}