{"id":50647,"date":"2025-08-23T12:35:05","date_gmt":"2025-08-23T09:35:05","guid":{"rendered":"https:\/\/www.egemtv.com\/?p=50647"},"modified":"2025-08-23T12:35:06","modified_gmt":"2025-08-23T09:35:06","slug":"jandarmadan-hava-destekli-orman-denetimi","status":"publish","type":"post","link":"https:\/\/www.egemtv.com\/?p=50647","title":{"rendered":"Jandarmadan hava destekli orman denetimi"},"content":{"rendered":"<p>Ayd\u0131n\u2019da orman yang\u0131nlar\u0131n\u0131n \u00f6nlenmesine y\u00f6nelik sahaya inen jandarma ekipleri, ormanl\u0131k alanlarda hava destekli denetim ger\u00e7ekle\u015ftirdi.<br \/>\n<br \/>Ayd\u0131n Valili\u011fi\u2019nin 2025\/1 Say\u0131l\u0131 Orman Yang\u0131nlar\u0131n\u0131 \u00d6nleyici Tedbirler konulu karar\u0131 kapsam\u0131nda 31 Ekim 2025 tarihine kadar belirlenen b\u00f6lgelerdeki ormanl\u0131k alanlara giri\u015fler yasaklan\u0131rken, jandarma ekipleri de devriye faaliyetlerine aral\u0131ks\u0131z devam ediyor. Bu kapsamda Ayd\u0131n \u0130l Jandarma Komutanl\u0131\u011f\u0131nca orman yang\u0131nlar\u0131na kar\u015f\u0131 gerekli tedbirlerin al\u0131nmas\u0131 amac\u0131yla Bozdo\u011fan, \u00c7ine, Ko\u00e7arl\u0131. K\u00f6\u015fk ve Sultanhisar il\u00e7elerinde denetim ger\u00e7ekle\u015ftirildi. Hava destekli yap\u0131lan denetimlerde ormanl\u0131k alanlar\u0131 kontrol eden jandarma ekipleri ayn\u0131 zamanda vatanda\u015flar\u0131 da orman yang\u0131n\u0131 riskleri konusunda bilgilendirdi. Ayd\u0131n \u0130l Jandarma Komutanl\u0131\u011f\u0131\u2019ndan yap\u0131lan a\u00e7\u0131klamada &#8220;Gelecek nesillere bu g\u00fczellikleri ula\u015ft\u0131rabilmek amac\u0131yla ormanlar\u0131m\u0131z ve hayvanlar\u0131n do\u011fal ya\u015fam alanlar\u0131 \u0130HA ve Dron ile s\u00fcrekli kontrol edilmeye devam edilmektedir&#8221; ifadeleri yer ald\u0131.<br \/><\/p>\n","protected":false},"excerpt":{"rendered":"<p>Ayd\u0131n\u2019da orman yang\u0131nlar\u0131n\u0131n \u00f6nlenmesine y\u00f6nelik sahaya inen jandarma ekipleri, ormanl\u0131k alanlarda hava destekli denetim ger\u00e7ekle\u015ftirdi. Ayd\u0131n Valili\u011fi\u2019nin 2025\/1 Say\u0131l\u0131 Orman Yang\u0131nlar\u0131n\u0131 \u00d6nleyici Tedbirler konulu karar\u0131 kapsam\u0131nda 31 Ekim 2025 tarihine kadar belirlenen b\u00f6lgelerdeki ormanl\u0131k alanlara giri\u015fler yasaklan\u0131rken, jandarma ekipleri de devriye faaliyetlerine aral\u0131ks\u0131z devam ediyor. Bu kapsamda Ayd\u0131n \u0130l Jandarma Komutanl\u0131\u011f\u0131nca orman yang\u0131nlar\u0131na kar\u015f\u0131 gerekli&#8230;<\/p>\n","protected":false},"author":1,"featured_media":50648,"comment_status":"open","ping_status":"open","sticky":false,"template":"","format":"standard","meta":{"_crdt_document":"","footnotes":""},"categories":[1],"tags":[],"class_list":["post-50647","post","type-post","status-publish","format-standard","has-post-thumbnail","hentry","category-guncel"],"_links":{"self":[{"href":"https:\/\/www.egemtv.com\/index.php?rest_route=\/wp\/v2\/posts\/50647","targetHints":{"allow":["GET"]}}],"collection":[{"href":"https:\/\/www.egemtv.com\/index.php?rest_route=\/wp\/v2\/posts"}],"about":[{"href":"https:\/\/www.egemtv.com\/index.php?rest_route=\/wp\/v2\/types\/post"}],"author":[{"embeddable":true,"href":"https:\/\/www.egemtv.com\/index.php?rest_route=\/wp\/v2\/users\/1"}],"replies":[{"embeddable":true,"href":"https:\/\/www.egemtv.com\/index.php?rest_route=%2Fwp%2Fv2%2Fcomments&post=50647"}],"version-history":[{"count":1,"href":"https:\/\/www.egemtv.com\/index.php?rest_route=\/wp\/v2\/posts\/50647\/revisions"}],"predecessor-version":[{"id":50649,"href":"https:\/\/www.egemtv.com\/index.php?rest_route=\/wp\/v2\/posts\/50647\/revisions\/50649"}],"wp:featuredmedia":[{"embeddable":true,"href":"https:\/\/www.egemtv.com\/index.php?rest_route=\/wp\/v2\/media\/50648"}],"wp:attachment":[{"href":"https:\/\/www.egemtv.com\/index.php?rest_route=%2Fwp%2Fv2%2Fmedia&parent=50647"}],"wp:term":[{"taxonomy":"category","embeddable":true,"href":"https:\/\/www.egemtv.com\/index.php?rest_route=%2Fwp%2Fv2%2Fcategories&post=50647"},{"taxonomy":"post_tag","embeddable":true,"href":"https:\/\/www.egemtv.com\/index.php?rest_route=%2Fwp%2Fv2%2Ftags&post=50647"}],"curies":[{"name":"wp","href":"https:\/\/api.w.org\/{rel}","templated":true}]}}