{"id":50644,"date":"2025-08-23T12:15:00","date_gmt":"2025-08-23T09:15:00","guid":{"rendered":"https:\/\/www.egemtv.com\/?p=50644"},"modified":"2025-08-23T12:15:01","modified_gmt":"2025-08-23T09:15:01","slug":"kaymakam-koctan-sehit-ailesine-ziyaret","status":"publish","type":"post","link":"https:\/\/www.egemtv.com\/?p=50644","title":{"rendered":"Kaymakam Ko\u00e7\u2019tan \u015fehit ailesine ziyaret"},"content":{"rendered":"<p>Soma Kaymakam\u0131 \u00dcnal Ko\u00e7, \u015eehit Muhammed Fatih Durhan\u2019\u0131n ailesini ziyaret etti.<br \/>\n<br \/>Ziyarete, \u0130l\u00e7e Jandarma Komutan\u0131 Umut M\u00fctevellio\u011flu, \u0130l\u00e7e Emniyet M\u00fcd\u00fcr Vekili Abdullah Erdo\u011fan, \u0130l\u00e7e M\u00fcft\u00fc Vekili Halil T\u00fcys\u00fcz, \u0130l\u00e7e Sosyal Hizmet Merkezi M\u00fcd\u00fcr\u00fc \u00d6zlem \u00c7ak\u0131r ve T\u00fcrkiye \u015eehit Aileleri Soma Temsilcili\u011fi Ba\u015fkan Vekili Atilla G\u00fcler de kat\u0131ld\u0131. \u015eehit ailesine ba\u015fsa\u011fl\u0131\u011f\u0131 ve sab\u0131r dileklerini ileten Kaymakam Ko\u00e7, her daim \u015fehit ailelerinin yan\u0131nda olduklar\u0131n\u0131 vurgulad\u0131.<br \/>\n<br \/>Deniz Piyade Uzman \u00c7avu\u015f Muhammed Fatih Durhan, 15 Nisan 2020 tarihinde Irak\u2019\u0131n kuzeyinde, b\u00f6l\u00fcc\u00fc ter\u00f6r \u00f6rg\u00fct\u00fc PKK\u2019l\u0131 ter\u00f6ristlerce yerle\u015ftirilen patlay\u0131c\u0131n\u0131n infilak etmesi sonucu \u015fehadet mertebesine ula\u015ft\u0131.<br \/><\/p>\n","protected":false},"excerpt":{"rendered":"<p>Soma Kaymakam\u0131 \u00dcnal Ko\u00e7, \u015eehit Muhammed Fatih Durhan\u2019\u0131n ailesini ziyaret etti. Ziyarete, \u0130l\u00e7e Jandarma Komutan\u0131 Umut M\u00fctevellio\u011flu, \u0130l\u00e7e Emniyet M\u00fcd\u00fcr Vekili Abdullah Erdo\u011fan, \u0130l\u00e7e M\u00fcft\u00fc Vekili Halil T\u00fcys\u00fcz, \u0130l\u00e7e Sosyal Hizmet Merkezi M\u00fcd\u00fcr\u00fc \u00d6zlem \u00c7ak\u0131r ve T\u00fcrkiye \u015eehit Aileleri Soma Temsilcili\u011fi Ba\u015fkan Vekili Atilla G\u00fcler de kat\u0131ld\u0131. \u015eehit ailesine ba\u015fsa\u011fl\u0131\u011f\u0131 ve sab\u0131r dileklerini ileten Kaymakam&#8230;<\/p>\n","protected":false},"author":1,"featured_media":50645,"comment_status":"open","ping_status":"open","sticky":false,"template":"","format":"standard","meta":{"_crdt_document":"","footnotes":""},"categories":[123],"tags":[],"class_list":["post-50644","post","type-post","status-publish","format-standard","has-post-thumbnail","hentry","category-gundem"],"_links":{"self":[{"href":"https:\/\/www.egemtv.com\/index.php?rest_route=\/wp\/v2\/posts\/50644","targetHints":{"allow":["GET"]}}],"collection":[{"href":"https:\/\/www.egemtv.com\/index.php?rest_route=\/wp\/v2\/posts"}],"about":[{"href":"https:\/\/www.egemtv.com\/index.php?rest_route=\/wp\/v2\/types\/post"}],"author":[{"embeddable":true,"href":"https:\/\/www.egemtv.com\/index.php?rest_route=\/wp\/v2\/users\/1"}],"replies":[{"embeddable":true,"href":"https:\/\/www.egemtv.com\/index.php?rest_route=%2Fwp%2Fv2%2Fcomments&post=50644"}],"version-history":[{"count":1,"href":"https:\/\/www.egemtv.com\/index.php?rest_route=\/wp\/v2\/posts\/50644\/revisions"}],"predecessor-version":[{"id":50646,"href":"https:\/\/www.egemtv.com\/index.php?rest_route=\/wp\/v2\/posts\/50644\/revisions\/50646"}],"wp:featuredmedia":[{"embeddable":true,"href":"https:\/\/www.egemtv.com\/index.php?rest_route=\/wp\/v2\/media\/50645"}],"wp:attachment":[{"href":"https:\/\/www.egemtv.com\/index.php?rest_route=%2Fwp%2Fv2%2Fmedia&parent=50644"}],"wp:term":[{"taxonomy":"category","embeddable":true,"href":"https:\/\/www.egemtv.com\/index.php?rest_route=%2Fwp%2Fv2%2Fcategories&post=50644"},{"taxonomy":"post_tag","embeddable":true,"href":"https:\/\/www.egemtv.com\/index.php?rest_route=%2Fwp%2Fv2%2Ftags&post=50644"}],"curies":[{"name":"wp","href":"https:\/\/api.w.org\/{rel}","templated":true}]}}