{"id":50641,"date":"2025-08-23T12:14:59","date_gmt":"2025-08-23T09:14:59","guid":{"rendered":"https:\/\/www.egemtv.com\/?p=50641"},"modified":"2025-08-23T12:15:00","modified_gmt":"2025-08-23T09:15:00","slug":"turgutluda-kereste-isletmesinde-yangin-panigi","status":"publish","type":"post","link":"https:\/\/www.egemtv.com\/?p=50641","title":{"rendered":"Turgutlu\u2019da kereste i\u015fletmesinde yang\u0131n pani\u011fi"},"content":{"rendered":"<p>MAN\u0130SA (\u0130HA) \u2013 Manisa\u2019n\u0131n Turgutlu il\u00e7esinde bir kereste i\u015fletmesinde \u00e7\u0131kan yang\u0131n korkuya neden oldu.<br \/>\n<br \/>Edinilen bilgiye g\u00f6re, yang\u0131n eski Manisa yolu \u00fczeri Keresteciler Sitesi yak\u0131nlar\u0131nda bulunan bir kereste i\u015fletmesinde meydana geldi. Hen\u00fcz belirlenemeyen bir nedenle \u00e7\u0131kan yang\u0131na \u00e7ok say\u0131da itfaiye ekibi m\u00fcdahale etti. Turgutlu \u0130tfaiye Amirli\u011fi ekiplerinin h\u0131zl\u0131 \u00e7al\u0131\u015fmas\u0131yla alevler k\u0131sa s\u00fcrede kontrol alt\u0131na al\u0131narak s\u00f6nd\u00fcr\u00fcld\u00fc. Olayda can kayb\u0131 ya\u015fanmazken, i\u015fletmede maddi hasar olu\u015ftu. Yang\u0131nla ilgili soru\u015fturma ba\u015flat\u0131ld\u0131.<br \/><\/p>\n","protected":false},"excerpt":{"rendered":"<p>MAN\u0130SA (\u0130HA) \u2013 Manisa\u2019n\u0131n Turgutlu il\u00e7esinde bir kereste i\u015fletmesinde \u00e7\u0131kan yang\u0131n korkuya neden oldu. Edinilen bilgiye g\u00f6re, yang\u0131n eski Manisa yolu \u00fczeri Keresteciler Sitesi yak\u0131nlar\u0131nda bulunan bir kereste i\u015fletmesinde meydana geldi. Hen\u00fcz belirlenemeyen bir nedenle \u00e7\u0131kan yang\u0131na \u00e7ok say\u0131da itfaiye ekibi m\u00fcdahale etti. Turgutlu \u0130tfaiye Amirli\u011fi ekiplerinin h\u0131zl\u0131 \u00e7al\u0131\u015fmas\u0131yla alevler k\u0131sa s\u00fcrede kontrol alt\u0131na al\u0131narak&#8230;<\/p>\n","protected":false},"author":1,"featured_media":50642,"comment_status":"open","ping_status":"open","sticky":false,"template":"","format":"standard","meta":{"_crdt_document":"","footnotes":""},"categories":[5],"tags":[],"class_list":["post-50641","post","type-post","status-publish","format-standard","has-post-thumbnail","hentry","category-asayis"],"_links":{"self":[{"href":"https:\/\/www.egemtv.com\/index.php?rest_route=\/wp\/v2\/posts\/50641","targetHints":{"allow":["GET"]}}],"collection":[{"href":"https:\/\/www.egemtv.com\/index.php?rest_route=\/wp\/v2\/posts"}],"about":[{"href":"https:\/\/www.egemtv.com\/index.php?rest_route=\/wp\/v2\/types\/post"}],"author":[{"embeddable":true,"href":"https:\/\/www.egemtv.com\/index.php?rest_route=\/wp\/v2\/users\/1"}],"replies":[{"embeddable":true,"href":"https:\/\/www.egemtv.com\/index.php?rest_route=%2Fwp%2Fv2%2Fcomments&post=50641"}],"version-history":[{"count":1,"href":"https:\/\/www.egemtv.com\/index.php?rest_route=\/wp\/v2\/posts\/50641\/revisions"}],"predecessor-version":[{"id":50643,"href":"https:\/\/www.egemtv.com\/index.php?rest_route=\/wp\/v2\/posts\/50641\/revisions\/50643"}],"wp:featuredmedia":[{"embeddable":true,"href":"https:\/\/www.egemtv.com\/index.php?rest_route=\/wp\/v2\/media\/50642"}],"wp:attachment":[{"href":"https:\/\/www.egemtv.com\/index.php?rest_route=%2Fwp%2Fv2%2Fmedia&parent=50641"}],"wp:term":[{"taxonomy":"category","embeddable":true,"href":"https:\/\/www.egemtv.com\/index.php?rest_route=%2Fwp%2Fv2%2Fcategories&post=50641"},{"taxonomy":"post_tag","embeddable":true,"href":"https:\/\/www.egemtv.com\/index.php?rest_route=%2Fwp%2Fv2%2Ftags&post=50641"}],"curies":[{"name":"wp","href":"https:\/\/api.w.org\/{rel}","templated":true}]}}