{"id":50638,"date":"2025-08-23T11:54:41","date_gmt":"2025-08-23T08:54:41","guid":{"rendered":"https:\/\/www.egemtv.com\/?p=50638"},"modified":"2025-08-23T11:54:41","modified_gmt":"2025-08-23T08:54:41","slug":"kutahyada-7-ayda-5-bin-553-gida-denetimi-yapildi","status":"publish","type":"post","link":"https:\/\/www.egemtv.com\/?p=50638","title":{"rendered":"K\u00fctahya\u2019da 7 ayda 5 bin 553 g\u0131da denetimi yap\u0131ld\u0131"},"content":{"rendered":"<p>K\u00fctahya \u0130l Tar\u0131m ve Orman M\u00fcd\u00fcrl\u00fc\u011f\u00fcn\u00fcn vatanda\u015flar\u0131n g\u00fcvenilir g\u0131daya ula\u015fmas\u0131 i\u00e7in 2025 y\u0131l\u0131n\u0131n ilk 7 ay\u0131nda 5 bin 553 g\u0131da denetimi ger\u00e7ekle\u015ftirdi\u011fi bildirildi.<br \/>\n<br \/>Konuyla ilgili \u0130l Tar\u0131m ve Orman M\u00fcd\u00fcrl\u00fc\u011f\u00fcnden yap\u0131lan a\u00e7\u0131klamaya g\u00f6re, 2025 y\u0131l\u0131n\u0131n ilk 7 ay\u0131nda, 5 bin 553 denetim yap\u0131ld\u0131. 135 numune al\u0131nd\u0131. 66 idari para cezas\u0131 ile toplam 12 milyon 930 bin TL ceza uyguland\u0131. 5 i\u015fletme faaliyetten men edildi. 962 ton \u00fcr\u00fcn i\u00e7in 58 ihracat sa\u011fl\u0131k sertifikas\u0131 d\u00fczenlendi.<br \/><\/p>\n","protected":false},"excerpt":{"rendered":"<p>K\u00fctahya \u0130l Tar\u0131m ve Orman M\u00fcd\u00fcrl\u00fc\u011f\u00fcn\u00fcn vatanda\u015flar\u0131n g\u00fcvenilir g\u0131daya ula\u015fmas\u0131 i\u00e7in 2025 y\u0131l\u0131n\u0131n ilk 7 ay\u0131nda 5 bin 553 g\u0131da denetimi ger\u00e7ekle\u015ftirdi\u011fi bildirildi. Konuyla ilgili \u0130l Tar\u0131m ve Orman M\u00fcd\u00fcrl\u00fc\u011f\u00fcnden yap\u0131lan a\u00e7\u0131klamaya g\u00f6re, 2025 y\u0131l\u0131n\u0131n ilk 7 ay\u0131nda, 5 bin 553 denetim yap\u0131ld\u0131. 135 numune al\u0131nd\u0131. 66 idari para cezas\u0131 ile toplam 12 milyon 930&#8230;<\/p>\n","protected":false},"author":1,"featured_media":50639,"comment_status":"open","ping_status":"open","sticky":false,"template":"","format":"standard","meta":{"_crdt_document":"","footnotes":""},"categories":[2],"tags":[],"class_list":["post-50638","post","type-post","status-publish","format-standard","has-post-thumbnail","hentry","category-saglik"],"_links":{"self":[{"href":"https:\/\/www.egemtv.com\/index.php?rest_route=\/wp\/v2\/posts\/50638","targetHints":{"allow":["GET"]}}],"collection":[{"href":"https:\/\/www.egemtv.com\/index.php?rest_route=\/wp\/v2\/posts"}],"about":[{"href":"https:\/\/www.egemtv.com\/index.php?rest_route=\/wp\/v2\/types\/post"}],"author":[{"embeddable":true,"href":"https:\/\/www.egemtv.com\/index.php?rest_route=\/wp\/v2\/users\/1"}],"replies":[{"embeddable":true,"href":"https:\/\/www.egemtv.com\/index.php?rest_route=%2Fwp%2Fv2%2Fcomments&post=50638"}],"version-history":[{"count":1,"href":"https:\/\/www.egemtv.com\/index.php?rest_route=\/wp\/v2\/posts\/50638\/revisions"}],"predecessor-version":[{"id":50640,"href":"https:\/\/www.egemtv.com\/index.php?rest_route=\/wp\/v2\/posts\/50638\/revisions\/50640"}],"wp:featuredmedia":[{"embeddable":true,"href":"https:\/\/www.egemtv.com\/index.php?rest_route=\/wp\/v2\/media\/50639"}],"wp:attachment":[{"href":"https:\/\/www.egemtv.com\/index.php?rest_route=%2Fwp%2Fv2%2Fmedia&parent=50638"}],"wp:term":[{"taxonomy":"category","embeddable":true,"href":"https:\/\/www.egemtv.com\/index.php?rest_route=%2Fwp%2Fv2%2Fcategories&post=50638"},{"taxonomy":"post_tag","embeddable":true,"href":"https:\/\/www.egemtv.com\/index.php?rest_route=%2Fwp%2Fv2%2Ftags&post=50638"}],"curies":[{"name":"wp","href":"https:\/\/api.w.org\/{rel}","templated":true}]}}