{"id":50635,"date":"2025-08-23T11:34:57","date_gmt":"2025-08-23T08:34:57","guid":{"rendered":"https:\/\/www.egemtv.com\/?p=50635"},"modified":"2025-08-23T11:34:58","modified_gmt":"2025-08-23T08:34:58","slug":"baskan-tatik-yasli-kadinin-talebi-uzerine-calismalari-kendi-yonetti","status":"publish","type":"post","link":"https:\/\/www.egemtv.com\/?p=50635","title":{"rendered":"Ba\u015fkan Tat\u0131k ya\u015fl\u0131 kad\u0131n\u0131n talebi \u00fczerine \u00e7al\u0131\u015fmalar\u0131 kendi y\u00f6netti"},"content":{"rendered":"<p>DEN\u0130ZL\u0130 (\u0130HA) \u2013 Denizli\u2019nin Tavas Belediye Ba\u015fkan\u0131 Kadir Tat\u0131k, kanalizasyon sorunu nedeniyle evi su alan ya\u015fl\u0131 kad\u0131n\u0131 k\u0131rmayarak, yap\u0131lan \u00e7al\u0131\u015fmalar\u0131n\u0131 bizzat kendisi y\u00f6netti.<\/p>\n<p>Tavas Belediye Ba\u015fkan\u0131 Kadir Tat\u0131k, sabah mesaisine sabah namaz\u0131 sonras\u0131 kahvalt\u0131s\u0131n\u0131 Horasan Mahallesi sakinleriyle birlikte yaparak ba\u015flad\u0131. Mahalle kahvesinde ger\u00e7ekle\u015fen esnaf usul\u00fc kahvalt\u0131da vatanda\u015flarla sohbet eden Ba\u015fkan Tat\u0131k, &#8220;Bizim tek adresimiz halk\u0131m\u0131z\u0131n g\u00f6n\u00fclleridir. Sabah namaz\u0131n\u0131n bereketini ve karde\u015fli\u011fin huzurunu Horasanl\u0131 hem\u015fehrilerimizle birlikte ya\u015fad\u0131k. G\u00f6n\u00fcl sofralar\u0131n\u0131 bizlere a\u00e7an k\u0131ymetli Muhtar\u0131m\u0131z Naim Aytulun\u2019a ve misafirperverli\u011fiyle g\u00f6nl\u00fcm\u00fcze dokunan t\u00fcm vatanda\u015flar\u0131m\u0131za y\u00fcrekten te\u015fekk\u00fcr ediyorum&#8221; dedi.<\/p>\n<p>Ya\u015fl\u0131 kad\u0131n davet etti, Ba\u015fkan Tat\u0131k \u00e7al\u0131\u015fmalar\u0131 kendisi y\u00f6netti<br \/>\n<br \/>Ba\u015fkan Tat\u0131k, daha sonra il\u00e7e merkezindeki Yeni Mahallesi sakinlerinden Mesure Yarang\u00fcme\u2019nin kanalizasyon \u015fikayetini bizzat kendisi takip etti.<\/p>\n<p>&#8220;Ya\u015fl\u0131 kad\u0131n\u0131n \u2018Ba\u015fkan kendisi g\u00f6r\u00fcp durumu g\u00f6rs\u00fcn&#8221; talebini geri \u00e7evirmeyen Ba\u015fkan Tat\u0131k, &#8220;Yeni Mahallemizden Mesure Yarang\u00fcme Teyzemiz, kanalizasyon t\u0131kan\u0131kl\u0131\u011f\u0131 nedeniyle evinin su almas\u0131 \u015fikayetiyle belediyemize ba\u015fvurmu\u015f ve bizzat benim gelip durumu g\u00f6rmemi istemi\u015f. Hemen ekiplerimizi y\u00f6nlendirip sorunu tespit ettik, ard\u0131ndan konuyu DESK\u0130\u2019ye havale ettik ve saha ekiplerinin \u00e7al\u0131\u015fmalar\u0131yla sorun \u00e7\u00f6z\u00fcme kavu\u015fturuldu. Ard\u0131ndan Teyzemizi evinde ziyaret edip kahvesini i\u00e7tik ve derdini dinledik. Halk\u0131m\u0131z\u0131n yan\u0131nda olmaya, sorunlar\u0131na h\u0131zl\u0131 ve duyarl\u0131 \u00e7\u00f6z\u00fcmler \u00fcretmeye devam edece\u011fiz&#8221; \u015feklinde konu\u015ftu.<br \/><\/p>\n","protected":false},"excerpt":{"rendered":"<p>DEN\u0130ZL\u0130 (\u0130HA) \u2013 Denizli\u2019nin Tavas Belediye Ba\u015fkan\u0131 Kadir Tat\u0131k, kanalizasyon sorunu nedeniyle evi su alan ya\u015fl\u0131 kad\u0131n\u0131 k\u0131rmayarak, yap\u0131lan \u00e7al\u0131\u015fmalar\u0131n\u0131 bizzat kendisi y\u00f6netti. Tavas Belediye Ba\u015fkan\u0131 Kadir Tat\u0131k, sabah mesaisine sabah namaz\u0131 sonras\u0131 kahvalt\u0131s\u0131n\u0131 Horasan Mahallesi sakinleriyle birlikte yaparak ba\u015flad\u0131. Mahalle kahvesinde ger\u00e7ekle\u015fen esnaf usul\u00fc kahvalt\u0131da vatanda\u015flarla sohbet eden Ba\u015fkan Tat\u0131k, &#8220;Bizim tek adresimiz halk\u0131m\u0131z\u0131n&#8230;<\/p>\n","protected":false},"author":1,"featured_media":50636,"comment_status":"open","ping_status":"open","sticky":false,"template":"","format":"standard","meta":{"_crdt_document":"","footnotes":""},"categories":[127],"tags":[],"class_list":["post-50635","post","type-post","status-publish","format-standard","has-post-thumbnail","hentry","category-siyaset"],"_links":{"self":[{"href":"https:\/\/www.egemtv.com\/index.php?rest_route=\/wp\/v2\/posts\/50635","targetHints":{"allow":["GET"]}}],"collection":[{"href":"https:\/\/www.egemtv.com\/index.php?rest_route=\/wp\/v2\/posts"}],"about":[{"href":"https:\/\/www.egemtv.com\/index.php?rest_route=\/wp\/v2\/types\/post"}],"author":[{"embeddable":true,"href":"https:\/\/www.egemtv.com\/index.php?rest_route=\/wp\/v2\/users\/1"}],"replies":[{"embeddable":true,"href":"https:\/\/www.egemtv.com\/index.php?rest_route=%2Fwp%2Fv2%2Fcomments&post=50635"}],"version-history":[{"count":1,"href":"https:\/\/www.egemtv.com\/index.php?rest_route=\/wp\/v2\/posts\/50635\/revisions"}],"predecessor-version":[{"id":50637,"href":"https:\/\/www.egemtv.com\/index.php?rest_route=\/wp\/v2\/posts\/50635\/revisions\/50637"}],"wp:featuredmedia":[{"embeddable":true,"href":"https:\/\/www.egemtv.com\/index.php?rest_route=\/wp\/v2\/media\/50636"}],"wp:attachment":[{"href":"https:\/\/www.egemtv.com\/index.php?rest_route=%2Fwp%2Fv2%2Fmedia&parent=50635"}],"wp:term":[{"taxonomy":"category","embeddable":true,"href":"https:\/\/www.egemtv.com\/index.php?rest_route=%2Fwp%2Fv2%2Fcategories&post=50635"},{"taxonomy":"post_tag","embeddable":true,"href":"https:\/\/www.egemtv.com\/index.php?rest_route=%2Fwp%2Fv2%2Ftags&post=50635"}],"curies":[{"name":"wp","href":"https:\/\/api.w.org\/{rel}","templated":true}]}}