{"id":50629,"date":"2025-08-23T11:34:56","date_gmt":"2025-08-23T08:34:56","guid":{"rendered":"https:\/\/www.egemtv.com\/?p=50629"},"modified":"2025-08-23T11:34:56","modified_gmt":"2025-08-23T08:34:56","slug":"zafer-senliklerinde-ali-kinik-konseri","status":"publish","type":"post","link":"https:\/\/www.egemtv.com\/?p=50629","title":{"rendered":"Zafer \u015eenlikleri\u2019nde Ali K\u0131n\u0131k konseri"},"content":{"rendered":"<p>Afyonkarahisar\u2019\u0131n \u015euhut il\u00e7esinde d\u00fczenlenen Zafer \u015eenlikleri kapam\u0131nda sanat\u00e7\u0131s\u0131 Ali K\u0131n\u0131k\u2019\u0131n kat\u0131l\u0131m\u0131 ile bir konser d\u00fczenlendi.<br \/>\n<br \/>\u015euhut il\u00e7esinde Zafer \u015eenlikleri devam ediyor. \u015euhut Eski Sebze Pazar\u0131nda d\u00fczenlenen etkinli\u011fe, protokol \u00fcyeleri ve \u00e7ok say\u0131da vatanda\u015f kat\u0131ld\u0131. Programa s\u00fcrpriz konuklar\u0131 Pala Karde\u015fler ise oynad\u0131klar\u0131 oyun havas\u0131 ile pro\u011frama ayr\u0131 bir ahenk katarak izleyicileri adeta mest etti. Son olarak ses sanat\u00e7\u0131s\u0131 Ali K\u0131n\u0131k sahneye \u00e7\u0131karak birbirinden g\u00fczel \u015fark\u0131lar\u0131yla sevenlerini e\u011flendirdi.<br \/><\/p>\n","protected":false},"excerpt":{"rendered":"<p>Afyonkarahisar\u2019\u0131n \u015euhut il\u00e7esinde d\u00fczenlenen Zafer \u015eenlikleri kapam\u0131nda sanat\u00e7\u0131s\u0131 Ali K\u0131n\u0131k\u2019\u0131n kat\u0131l\u0131m\u0131 ile bir konser d\u00fczenlendi. \u015euhut il\u00e7esinde Zafer \u015eenlikleri devam ediyor. \u015euhut Eski Sebze Pazar\u0131nda d\u00fczenlenen etkinli\u011fe, protokol \u00fcyeleri ve \u00e7ok say\u0131da vatanda\u015f kat\u0131ld\u0131. Programa s\u00fcrpriz konuklar\u0131 Pala Karde\u015fler ise oynad\u0131klar\u0131 oyun havas\u0131 ile pro\u011frama ayr\u0131 bir ahenk katarak izleyicileri adeta mest etti. Son olarak&#8230;<\/p>\n","protected":false},"author":1,"featured_media":50630,"comment_status":"open","ping_status":"open","sticky":false,"template":"","format":"standard","meta":{"_crdt_document":"","footnotes":""},"categories":[123],"tags":[],"class_list":["post-50629","post","type-post","status-publish","format-standard","has-post-thumbnail","hentry","category-gundem"],"_links":{"self":[{"href":"https:\/\/www.egemtv.com\/index.php?rest_route=\/wp\/v2\/posts\/50629","targetHints":{"allow":["GET"]}}],"collection":[{"href":"https:\/\/www.egemtv.com\/index.php?rest_route=\/wp\/v2\/posts"}],"about":[{"href":"https:\/\/www.egemtv.com\/index.php?rest_route=\/wp\/v2\/types\/post"}],"author":[{"embeddable":true,"href":"https:\/\/www.egemtv.com\/index.php?rest_route=\/wp\/v2\/users\/1"}],"replies":[{"embeddable":true,"href":"https:\/\/www.egemtv.com\/index.php?rest_route=%2Fwp%2Fv2%2Fcomments&post=50629"}],"version-history":[{"count":1,"href":"https:\/\/www.egemtv.com\/index.php?rest_route=\/wp\/v2\/posts\/50629\/revisions"}],"predecessor-version":[{"id":50631,"href":"https:\/\/www.egemtv.com\/index.php?rest_route=\/wp\/v2\/posts\/50629\/revisions\/50631"}],"wp:featuredmedia":[{"embeddable":true,"href":"https:\/\/www.egemtv.com\/index.php?rest_route=\/wp\/v2\/media\/50630"}],"wp:attachment":[{"href":"https:\/\/www.egemtv.com\/index.php?rest_route=%2Fwp%2Fv2%2Fmedia&parent=50629"}],"wp:term":[{"taxonomy":"category","embeddable":true,"href":"https:\/\/www.egemtv.com\/index.php?rest_route=%2Fwp%2Fv2%2Fcategories&post=50629"},{"taxonomy":"post_tag","embeddable":true,"href":"https:\/\/www.egemtv.com\/index.php?rest_route=%2Fwp%2Fv2%2Ftags&post=50629"}],"curies":[{"name":"wp","href":"https:\/\/api.w.org\/{rel}","templated":true}]}}