{"id":50626,"date":"2025-08-23T11:14:38","date_gmt":"2025-08-23T08:14:38","guid":{"rendered":"https:\/\/www.egemtv.com\/?p=50626"},"modified":"2025-08-23T11:14:38","modified_gmt":"2025-08-23T08:14:38","slug":"kaymakam-turker-calisma-arkadasinin-dugun-torenine-katildi","status":"publish","type":"post","link":"https:\/\/www.egemtv.com\/?p=50626","title":{"rendered":"Kaymakam T\u00fcrker, \u00e7al\u0131\u015fma arkada\u015f\u0131n\u0131n d\u00fc\u011f\u00fcn t\u00f6renine kat\u0131ld\u0131"},"content":{"rendered":"<p>Afyonkarahisar\u2019da \u00c7ay il\u00e7esi Kaymakam\u0131 Hasan H\u00fcsn\u00fc T\u00fcrker, \u00c7ay Sosyal Yard\u0131mla\u015fma ve Dayan\u0131\u015fma Vakf\u0131 M\u00fcd\u00fcrl\u00fc\u011f\u00fc personeli Mustafa Akman\u2019\u0131n d\u00fc\u011f\u00fcn t\u00f6renine kat\u0131ld\u0131.<br \/>\n<br \/>Kaymakam T\u00fcrker, k\u0131z ve erkek taraf\u0131n ailesini, gelini ve damad\u0131 tebrik ederek d\u00fc\u011f\u00fcn t\u00f6reninin hay\u0131rl\u0131 ve u\u011furlu olmas\u0131n\u0131 temenni ederek, &#8220;Damat benim \u00e7al\u0131\u015fma arkada\u015f\u0131m, kendisi bizleri d\u00fc\u011f\u00fcn\u00fcne davet etti, biz de geldik, arkada\u015f\u0131m\u0131n ve e\u015finin, ailelerin bu mutlu g\u00fcnlerinde yanlar\u0131nda olduk. Ne\u015felerinin ve mutluluklar\u0131n\u0131n daim olmas\u0131n\u0131 ve payla\u015f\u0131larak artmas\u0131n\u0131 diliyorum. Gen\u00e7lere huzur ve saadet temenni ediyorum. Sevgiyi, sayg\u0131y\u0131 ve sabr\u0131 da na\u00e7izane tavsiye ederim. Aileler ad\u0131na misafirlere davete icabet ettikleri i\u00e7in te\u015fekk\u00fcr ederim&#8221; dedi.<br \/><\/p>\n","protected":false},"excerpt":{"rendered":"<p>Afyonkarahisar\u2019da \u00c7ay il\u00e7esi Kaymakam\u0131 Hasan H\u00fcsn\u00fc T\u00fcrker, \u00c7ay Sosyal Yard\u0131mla\u015fma ve Dayan\u0131\u015fma Vakf\u0131 M\u00fcd\u00fcrl\u00fc\u011f\u00fc personeli Mustafa Akman\u2019\u0131n d\u00fc\u011f\u00fcn t\u00f6renine kat\u0131ld\u0131. Kaymakam T\u00fcrker, k\u0131z ve erkek taraf\u0131n ailesini, gelini ve damad\u0131 tebrik ederek d\u00fc\u011f\u00fcn t\u00f6reninin hay\u0131rl\u0131 ve u\u011furlu olmas\u0131n\u0131 temenni ederek, &#8220;Damat benim \u00e7al\u0131\u015fma arkada\u015f\u0131m, kendisi bizleri d\u00fc\u011f\u00fcn\u00fcne davet etti, biz de geldik, arkada\u015f\u0131m\u0131n ve e\u015finin,&#8230;<\/p>\n","protected":false},"author":1,"featured_media":50627,"comment_status":"open","ping_status":"open","sticky":false,"template":"","format":"standard","meta":{"_crdt_document":"","footnotes":""},"categories":[123],"tags":[],"class_list":["post-50626","post","type-post","status-publish","format-standard","has-post-thumbnail","hentry","category-gundem"],"_links":{"self":[{"href":"https:\/\/www.egemtv.com\/index.php?rest_route=\/wp\/v2\/posts\/50626","targetHints":{"allow":["GET"]}}],"collection":[{"href":"https:\/\/www.egemtv.com\/index.php?rest_route=\/wp\/v2\/posts"}],"about":[{"href":"https:\/\/www.egemtv.com\/index.php?rest_route=\/wp\/v2\/types\/post"}],"author":[{"embeddable":true,"href":"https:\/\/www.egemtv.com\/index.php?rest_route=\/wp\/v2\/users\/1"}],"replies":[{"embeddable":true,"href":"https:\/\/www.egemtv.com\/index.php?rest_route=%2Fwp%2Fv2%2Fcomments&post=50626"}],"version-history":[{"count":1,"href":"https:\/\/www.egemtv.com\/index.php?rest_route=\/wp\/v2\/posts\/50626\/revisions"}],"predecessor-version":[{"id":50628,"href":"https:\/\/www.egemtv.com\/index.php?rest_route=\/wp\/v2\/posts\/50626\/revisions\/50628"}],"wp:featuredmedia":[{"embeddable":true,"href":"https:\/\/www.egemtv.com\/index.php?rest_route=\/wp\/v2\/media\/50627"}],"wp:attachment":[{"href":"https:\/\/www.egemtv.com\/index.php?rest_route=%2Fwp%2Fv2%2Fmedia&parent=50626"}],"wp:term":[{"taxonomy":"category","embeddable":true,"href":"https:\/\/www.egemtv.com\/index.php?rest_route=%2Fwp%2Fv2%2Fcategories&post=50626"},{"taxonomy":"post_tag","embeddable":true,"href":"https:\/\/www.egemtv.com\/index.php?rest_route=%2Fwp%2Fv2%2Ftags&post=50626"}],"curies":[{"name":"wp","href":"https:\/\/api.w.org\/{rel}","templated":true}]}}