{"id":50623,"date":"2025-08-23T10:55:06","date_gmt":"2025-08-23T07:55:06","guid":{"rendered":"https:\/\/www.egemtv.com\/?p=50623"},"modified":"2025-08-23T10:55:06","modified_gmt":"2025-08-23T07:55:06","slug":"suhutta-trafik-kazasi-1i-agir-4-yarali","status":"publish","type":"post","link":"https:\/\/www.egemtv.com\/?p=50623","title":{"rendered":"\u015euhut\u2019ta trafik kazas\u0131, 1\u2019i a\u011f\u0131r 4 yaral\u0131"},"content":{"rendered":"<p>Afyonkarahisar\u2019da meydana gelen trafik kazas\u0131nda 1\u2019i a\u011f\u0131r 4 ki\u015fi yaraland\u0131.<br \/>\n<br \/>Kaza, d\u00fcn gece \u015euhut\u2019un \u00c7ak\u0131r\u00f6z\u00fc mahallesinde meydana geldi. Edinilen bilgilere g\u00f6re, F.\u015e. (17) y\u00f6netimindeki 34 GL 5409 plakal\u0131 otomobil, s\u00fcr\u00fcc\u00fcs\u00fcn\u00fcn direksiyon h\u00e2kimiyetini kaybetmesi sonucu yol kenar\u0131ndaki kavak a\u011fa\u00e7lar\u0131na \u00e7arparak durabildi. Kazada s\u00fcr\u00fcc\u00fc F.\u015e. (17) ile ara\u00e7ta yolcu olarak bulunan M.\u015e. (17) ve A.E. (18) hafif, M.G. (19) ise a\u011f\u0131r yaraland\u0131. Yaral\u0131lar \u015euhut Devlet Hastanesi\u2019ne kald\u0131r\u0131l\u0131rken kazayla ile ilgili jandarma ekipleri taraf\u0131ndan soru\u015fturma ba\u015flat\u0131ld\u0131.<br \/><\/p>\n","protected":false},"excerpt":{"rendered":"<p>Afyonkarahisar\u2019da meydana gelen trafik kazas\u0131nda 1\u2019i a\u011f\u0131r 4 ki\u015fi yaraland\u0131. Kaza, d\u00fcn gece \u015euhut\u2019un \u00c7ak\u0131r\u00f6z\u00fc mahallesinde meydana geldi. Edinilen bilgilere g\u00f6re, F.\u015e. (17) y\u00f6netimindeki 34 GL 5409 plakal\u0131 otomobil, s\u00fcr\u00fcc\u00fcs\u00fcn\u00fcn direksiyon h\u00e2kimiyetini kaybetmesi sonucu yol kenar\u0131ndaki kavak a\u011fa\u00e7lar\u0131na \u00e7arparak durabildi. Kazada s\u00fcr\u00fcc\u00fc F.\u015e. (17) ile ara\u00e7ta yolcu olarak bulunan M.\u015e. (17) ve A.E. (18) hafif,&#8230;<\/p>\n","protected":false},"author":1,"featured_media":50624,"comment_status":"open","ping_status":"open","sticky":false,"template":"","format":"standard","meta":{"_crdt_document":"","footnotes":""},"categories":[5],"tags":[],"class_list":["post-50623","post","type-post","status-publish","format-standard","has-post-thumbnail","hentry","category-asayis"],"_links":{"self":[{"href":"https:\/\/www.egemtv.com\/index.php?rest_route=\/wp\/v2\/posts\/50623","targetHints":{"allow":["GET"]}}],"collection":[{"href":"https:\/\/www.egemtv.com\/index.php?rest_route=\/wp\/v2\/posts"}],"about":[{"href":"https:\/\/www.egemtv.com\/index.php?rest_route=\/wp\/v2\/types\/post"}],"author":[{"embeddable":true,"href":"https:\/\/www.egemtv.com\/index.php?rest_route=\/wp\/v2\/users\/1"}],"replies":[{"embeddable":true,"href":"https:\/\/www.egemtv.com\/index.php?rest_route=%2Fwp%2Fv2%2Fcomments&post=50623"}],"version-history":[{"count":1,"href":"https:\/\/www.egemtv.com\/index.php?rest_route=\/wp\/v2\/posts\/50623\/revisions"}],"predecessor-version":[{"id":50625,"href":"https:\/\/www.egemtv.com\/index.php?rest_route=\/wp\/v2\/posts\/50623\/revisions\/50625"}],"wp:featuredmedia":[{"embeddable":true,"href":"https:\/\/www.egemtv.com\/index.php?rest_route=\/wp\/v2\/media\/50624"}],"wp:attachment":[{"href":"https:\/\/www.egemtv.com\/index.php?rest_route=%2Fwp%2Fv2%2Fmedia&parent=50623"}],"wp:term":[{"taxonomy":"category","embeddable":true,"href":"https:\/\/www.egemtv.com\/index.php?rest_route=%2Fwp%2Fv2%2Fcategories&post=50623"},{"taxonomy":"post_tag","embeddable":true,"href":"https:\/\/www.egemtv.com\/index.php?rest_route=%2Fwp%2Fv2%2Ftags&post=50623"}],"curies":[{"name":"wp","href":"https:\/\/api.w.org\/{rel}","templated":true}]}}