{"id":50614,"date":"2025-08-23T10:35:25","date_gmt":"2025-08-23T07:35:25","guid":{"rendered":"https:\/\/www.egemtv.com\/?p=50614"},"modified":"2025-08-23T10:35:26","modified_gmt":"2025-08-23T07:35:26","slug":"2025-2026-egitim-yili-hazirliklari-yataganda-devam-ediyor","status":"publish","type":"post","link":"https:\/\/www.egemtv.com\/?p=50614","title":{"rendered":"2025-2026 e\u011fitim y\u0131l\u0131 haz\u0131rl\u0131klar\u0131 Yata\u011fan\u2019da devam ediyor-"},"content":{"rendered":"<p>Mu\u011fla \u0130l Milli E\u011fitim M\u00fcd\u00fcr\u00fc Emre \u00c7ay, 2025-2026 e\u011fitim \u00f6\u011fretim y\u0131l\u0131 haz\u0131rl\u0131klar\u0131 kapsam\u0131nda Yata\u011fan il\u00e7esinde bir dizi ziyaret ger\u00e7ekle\u015ftirdi. M\u00fcd\u00fcr \u00c7ay, il\u00e7edeki mevcut okullar\u0131n yeni d\u00f6neme haz\u0131rl\u0131klar\u0131n\u0131 denetlerken, faaliyete ge\u00e7ecek yeni e\u011fitim kurumlar\u0131ndaki \u00e7al\u0131\u015fmalar\u0131 da yerinde inceledi.<\/p>\n<p>M\u00fcd\u00fcr Emre \u00c7ay\u2019\u0131n ziyaret rotas\u0131, Yata\u011fan\u2019daki d\u00f6rt \u00f6nemli e\u011fitim kurumunu kapsad\u0131. \u0130lk olarak 100. Y\u0131l Cumhuriyet Ortaokulu\u2019nu ziyaret eden \u00c7ay, burada yeni e\u011fitim \u00f6\u011fretim y\u0131l\u0131 i\u00e7in yap\u0131lan planlamalar ve devam eden haz\u0131rl\u0131klar hakk\u0131nda bilgi ald\u0131. Ard\u0131ndan, ge\u00e7ti\u011fimiz d\u00f6nemde yenilenerek \u00f6\u011frencilerin hizmetine sunulan Tek Mehmet Akif Ersoy Anaokulu\u2019na ge\u00e7erek buradaki e\u011fitim faaliyetlerini ve yeni d\u00f6nem haz\u0131rl\u0131klar\u0131n\u0131 g\u00f6zlemledi. Ziyaretlerinin devam\u0131nda, \u00f6n\u00fcm\u00fczdeki e\u011fitim \u00f6\u011fretim y\u0131l\u0131nda faaliyete ba\u015flayacak olan Yata\u011fan Mesleki E\u011fitim Merkezi binas\u0131nda incelemelerde bulunan M\u00fcd\u00fcr \u00c7ay, yetkililerden y\u00fcr\u00fct\u00fclecek \u00e7al\u0131\u015fmalar ve planlamalar konusunda detayl\u0131 bilgi ald\u0131. Son olarak, daha \u00f6nce y\u00fcksek\u00f6\u011frenim \u00f6\u011frenci yurdu olarak kullan\u0131lan ve tahsis i\u015flemleri tamamlanarak \u00d6zel E\u011fitim Uygulama Okulu olarak hizmet verecek binay\u0131 ziyaret etti. M\u00fcd\u00fcr \u00c7ay, bu yeni e\u011fitim yuvas\u0131ndaki haz\u0131rl\u0131klar\u0131 de\u011ferlendirerek \u00f6zel e\u011fitime y\u00f6nelik yap\u0131lacak \u00e7al\u0131\u015fmalar\u0131 g\u00f6zden ge\u00e7irdi.<\/p>\n<p>Ziyaretlerin ard\u0131ndan bir de\u011ferlendirme yapan Milli E\u011fitim M\u00fcd\u00fcr\u00fc Emre \u00c7ay, \u00f6\u011frencilerin g\u00fcvenli, modern ve nitelikli e\u011fitim ortamlar\u0131nda \u00f6\u011frenim g\u00f6rmeleri i\u00e7in t\u00fcm haz\u0131rl\u0131klar\u0131n titizlikle s\u00fcrd\u00fcr\u00fcld\u00fc\u011f\u00fcn\u00fc belirtti. \u00c7ay, 2025-2026 e\u011fitim \u00f6\u011fretim y\u0131l\u0131n\u0131n ba\u015far\u0131l\u0131 ve verimli ge\u00e7mesi temennisinde bulunarak s\u00f6zlerini tamamlad\u0131.<br \/><\/p>\n","protected":false},"excerpt":{"rendered":"<p>Mu\u011fla \u0130l Milli E\u011fitim M\u00fcd\u00fcr\u00fc Emre \u00c7ay, 2025-2026 e\u011fitim \u00f6\u011fretim y\u0131l\u0131 haz\u0131rl\u0131klar\u0131 kapsam\u0131nda Yata\u011fan il\u00e7esinde bir dizi ziyaret ger\u00e7ekle\u015ftirdi. M\u00fcd\u00fcr \u00c7ay, il\u00e7edeki mevcut okullar\u0131n yeni d\u00f6neme haz\u0131rl\u0131klar\u0131n\u0131 denetlerken, faaliyete ge\u00e7ecek yeni e\u011fitim kurumlar\u0131ndaki \u00e7al\u0131\u015fmalar\u0131 da yerinde inceledi. M\u00fcd\u00fcr Emre \u00c7ay\u2019\u0131n ziyaret rotas\u0131, Yata\u011fan\u2019daki d\u00f6rt \u00f6nemli e\u011fitim kurumunu kapsad\u0131. \u0130lk olarak 100. Y\u0131l Cumhuriyet Ortaokulu\u2019nu ziyaret&#8230;<\/p>\n","protected":false},"author":1,"featured_media":50615,"comment_status":"open","ping_status":"open","sticky":false,"template":"","format":"standard","meta":{"_crdt_document":"","footnotes":""},"categories":[1],"tags":[],"class_list":["post-50614","post","type-post","status-publish","format-standard","has-post-thumbnail","hentry","category-guncel"],"_links":{"self":[{"href":"https:\/\/www.egemtv.com\/index.php?rest_route=\/wp\/v2\/posts\/50614","targetHints":{"allow":["GET"]}}],"collection":[{"href":"https:\/\/www.egemtv.com\/index.php?rest_route=\/wp\/v2\/posts"}],"about":[{"href":"https:\/\/www.egemtv.com\/index.php?rest_route=\/wp\/v2\/types\/post"}],"author":[{"embeddable":true,"href":"https:\/\/www.egemtv.com\/index.php?rest_route=\/wp\/v2\/users\/1"}],"replies":[{"embeddable":true,"href":"https:\/\/www.egemtv.com\/index.php?rest_route=%2Fwp%2Fv2%2Fcomments&post=50614"}],"version-history":[{"count":1,"href":"https:\/\/www.egemtv.com\/index.php?rest_route=\/wp\/v2\/posts\/50614\/revisions"}],"predecessor-version":[{"id":50616,"href":"https:\/\/www.egemtv.com\/index.php?rest_route=\/wp\/v2\/posts\/50614\/revisions\/50616"}],"wp:featuredmedia":[{"embeddable":true,"href":"https:\/\/www.egemtv.com\/index.php?rest_route=\/wp\/v2\/media\/50615"}],"wp:attachment":[{"href":"https:\/\/www.egemtv.com\/index.php?rest_route=%2Fwp%2Fv2%2Fmedia&parent=50614"}],"wp:term":[{"taxonomy":"category","embeddable":true,"href":"https:\/\/www.egemtv.com\/index.php?rest_route=%2Fwp%2Fv2%2Fcategories&post=50614"},{"taxonomy":"post_tag","embeddable":true,"href":"https:\/\/www.egemtv.com\/index.php?rest_route=%2Fwp%2Fv2%2Ftags&post=50614"}],"curies":[{"name":"wp","href":"https:\/\/api.w.org\/{rel}","templated":true}]}}