{"id":50611,"date":"2025-08-23T10:15:20","date_gmt":"2025-08-23T07:15:20","guid":{"rendered":"https:\/\/www.egemtv.com\/?p=50611"},"modified":"2025-08-23T10:15:21","modified_gmt":"2025-08-23T07:15:21","slug":"30-milyon-tllik-motosiklet-dolandiriciligi-sorusturmasinda-6-kisi-tutuklandi","status":"publish","type":"post","link":"https:\/\/www.egemtv.com\/?p=50611","title":{"rendered":"30 milyon TL\u2019lik motosiklet doland\u0131r\u0131c\u0131l\u0131\u011f\u0131 soru\u015fturmas\u0131nda 6 ki\u015fi tutukland\u0131"},"content":{"rendered":"<p>Mu\u011fla\u2019da farkl\u0131 il\u00e7elerden \u00e7ok say\u0131da ma\u011fdurun \u015fikayeti \u00fczerine ba\u015flat\u0131lan 30 milyon TL\u2019lik motosiklet doland\u0131r\u0131c\u0131l\u0131\u011f\u0131 soru\u015fturmas\u0131nda g\u00f6zalt\u0131na al\u0131nan 10 \u015f\u00fcpheliden 6\u2019s\u0131 tutukland\u0131, 4\u2019\u00fc ise adli kontrol \u015fart\u0131yla serbest b\u0131rak\u0131ld\u0131.<\/p>\n<p>Mu\u011fla Cumhuriyet Ba\u015fsavc\u0131l\u0131\u011f\u0131 koordinesinde Ka\u00e7ak\u00e7\u0131l\u0131k ve Organize Su\u00e7larla M\u00fccadele (KOM) ekipleri taraf\u0131ndan Mu\u011fla, \u0130stanbul ve Adana\u2019da ger\u00e7ekle\u015ftirilen e\u015f zamanl\u0131 operasyonlarda yakalanan M.A., R.D., M.E., S.E., T.\u00d6., E.\u015e., E.\u00c7., B.D., L.M. ve B.M. isimli \u015f\u00fcpheliler, i\u015flemlerinin ard\u0131ndan sevk edildikleri adliyede hakim kar\u015f\u0131s\u0131na \u00e7\u0131kar\u0131ld\u0131. Mahkeme, y\u00fcr\u00fct\u00fclen soru\u015fturma dosyas\u0131nda mevcut delil durumu, MASAK raporu, \u015f\u00fcpheli ve \u015fikayet\u00e7i beyanlar\u0131 ile kuvvetli su\u00e7 \u015f\u00fcphesini g\u00f6steren delilleri dikkate alarak, B.M., L.M., M.E., E.\u015e., B.D. ve M.A.\u2019n\u0131n tutuklanmas\u0131na karar verdi. \u015e\u00fcphelilerden R.D., T.\u00d6., S.E. ve E.\u00c7. ise yurt d\u0131\u015f\u0131 \u00e7\u0131k\u0131\u015f yasa\u011f\u0131 konularak adli kontrol \u015fart\u0131yla serbest b\u0131rak\u0131ld\u0131.<br \/><\/p>\n","protected":false},"excerpt":{"rendered":"<p>Mu\u011fla\u2019da farkl\u0131 il\u00e7elerden \u00e7ok say\u0131da ma\u011fdurun \u015fikayeti \u00fczerine ba\u015flat\u0131lan 30 milyon TL\u2019lik motosiklet doland\u0131r\u0131c\u0131l\u0131\u011f\u0131 soru\u015fturmas\u0131nda g\u00f6zalt\u0131na al\u0131nan 10 \u015f\u00fcpheliden 6\u2019s\u0131 tutukland\u0131, 4\u2019\u00fc ise adli kontrol \u015fart\u0131yla serbest b\u0131rak\u0131ld\u0131. Mu\u011fla Cumhuriyet Ba\u015fsavc\u0131l\u0131\u011f\u0131 koordinesinde Ka\u00e7ak\u00e7\u0131l\u0131k ve Organize Su\u00e7larla M\u00fccadele (KOM) ekipleri taraf\u0131ndan Mu\u011fla, \u0130stanbul ve Adana\u2019da ger\u00e7ekle\u015ftirilen e\u015f zamanl\u0131 operasyonlarda yakalanan M.A., R.D., M.E., S.E., T.\u00d6., E.\u015e.,&#8230;<\/p>\n","protected":false},"author":1,"featured_media":50612,"comment_status":"open","ping_status":"open","sticky":false,"template":"","format":"standard","meta":{"_crdt_document":"","footnotes":""},"categories":[5],"tags":[],"class_list":["post-50611","post","type-post","status-publish","format-standard","has-post-thumbnail","hentry","category-asayis"],"_links":{"self":[{"href":"https:\/\/www.egemtv.com\/index.php?rest_route=\/wp\/v2\/posts\/50611","targetHints":{"allow":["GET"]}}],"collection":[{"href":"https:\/\/www.egemtv.com\/index.php?rest_route=\/wp\/v2\/posts"}],"about":[{"href":"https:\/\/www.egemtv.com\/index.php?rest_route=\/wp\/v2\/types\/post"}],"author":[{"embeddable":true,"href":"https:\/\/www.egemtv.com\/index.php?rest_route=\/wp\/v2\/users\/1"}],"replies":[{"embeddable":true,"href":"https:\/\/www.egemtv.com\/index.php?rest_route=%2Fwp%2Fv2%2Fcomments&post=50611"}],"version-history":[{"count":1,"href":"https:\/\/www.egemtv.com\/index.php?rest_route=\/wp\/v2\/posts\/50611\/revisions"}],"predecessor-version":[{"id":50613,"href":"https:\/\/www.egemtv.com\/index.php?rest_route=\/wp\/v2\/posts\/50611\/revisions\/50613"}],"wp:featuredmedia":[{"embeddable":true,"href":"https:\/\/www.egemtv.com\/index.php?rest_route=\/wp\/v2\/media\/50612"}],"wp:attachment":[{"href":"https:\/\/www.egemtv.com\/index.php?rest_route=%2Fwp%2Fv2%2Fmedia&parent=50611"}],"wp:term":[{"taxonomy":"category","embeddable":true,"href":"https:\/\/www.egemtv.com\/index.php?rest_route=%2Fwp%2Fv2%2Fcategories&post=50611"},{"taxonomy":"post_tag","embeddable":true,"href":"https:\/\/www.egemtv.com\/index.php?rest_route=%2Fwp%2Fv2%2Ftags&post=50611"}],"curies":[{"name":"wp","href":"https:\/\/api.w.org\/{rel}","templated":true}]}}