{"id":50608,"date":"2025-08-23T10:15:19","date_gmt":"2025-08-23T07:15:19","guid":{"rendered":"https:\/\/www.egemtv.com\/?p=50608"},"modified":"2025-08-23T10:15:20","modified_gmt":"2025-08-23T07:15:20","slug":"aydinda-35-duzensiz-gocmen-kurtarildi","status":"publish","type":"post","link":"https:\/\/www.egemtv.com\/?p=50608","title":{"rendered":"Ayd\u0131n\u2019da 35 d\u00fczensiz g\u00f6\u00e7men kurtar\u0131ld\u0131"},"content":{"rendered":"<p>Ayd\u0131n\u2019\u0131n Didim il\u00e7esi a\u00e7\u0131klar\u0131nda T\u00fcrk karasular\u0131na geri itilen 7\u2019si \u00e7ocuk 34 d\u00fczensiz g\u00f6\u00e7men kurtar\u0131ld\u0131.<\/p>\n<p>Ayd\u0131n\u2019\u0131n Didim ve Ku\u015fadas\u0131 a\u00e7\u0131klar\u0131ndan lastik bot veya can sallar\u0131 ile Yunanistan\u2019a ge\u00e7meye \u00e7al\u0131\u015fan d\u00fczensiz g\u00f6\u00e7menlere y\u00f6nelik \u00e7al\u0131\u015fmalar aral\u0131ks\u0131z devam ediyor. Edinilen bilgiye g\u00f6re Sahil G\u00fcvenlik ekiplerine, Didim a\u00e7\u0131klar\u0131nda lastik bot i\u00e7erisinde 7\u2019si \u00e7ocuk 35 d\u00fczensiz g\u00f6\u00e7menin oldu\u011fu bilgisi geldi. \u0130hbar \u00fczerine b\u00f6lgeye sevk edilen Sahil G\u00fcvenlik Botu taraf\u0131ndan Yunanistan unsurlar\u0131nca T\u00fcrk karasular\u0131na geri itilen d\u00fczensiz g\u00f6\u00e7menler kurtar\u0131ld\u0131. Kurtar\u0131lan g\u00f6\u00e7menler, sa\u011fl\u0131k kontrollerinin ard\u0131ndan \u0130l G\u00f6\u00e7 \u0130daresi M\u00fcd\u00fcrl\u00fc\u011f\u00fc\u2019ne teslim edildi. Yetkililer, denizlerdeki d\u00fczensiz g\u00f6\u00e7 hareketlerinin \u00f6nlenmesi ve g\u00fcvenli\u011fin sa\u011flanmas\u0131 i\u00e7in \u00e7al\u0131\u015fmalar\u0131n aral\u0131ks\u0131z devam etti\u011fini belirtti.<br \/><\/p>\n","protected":false},"excerpt":{"rendered":"<p>Ayd\u0131n\u2019\u0131n Didim il\u00e7esi a\u00e7\u0131klar\u0131nda T\u00fcrk karasular\u0131na geri itilen 7\u2019si \u00e7ocuk 34 d\u00fczensiz g\u00f6\u00e7men kurtar\u0131ld\u0131. Ayd\u0131n\u2019\u0131n Didim ve Ku\u015fadas\u0131 a\u00e7\u0131klar\u0131ndan lastik bot veya can sallar\u0131 ile Yunanistan\u2019a ge\u00e7meye \u00e7al\u0131\u015fan d\u00fczensiz g\u00f6\u00e7menlere y\u00f6nelik \u00e7al\u0131\u015fmalar aral\u0131ks\u0131z devam ediyor. Edinilen bilgiye g\u00f6re Sahil G\u00fcvenlik ekiplerine, Didim a\u00e7\u0131klar\u0131nda lastik bot i\u00e7erisinde 7\u2019si \u00e7ocuk 35 d\u00fczensiz g\u00f6\u00e7menin oldu\u011fu bilgisi geldi. \u0130hbar&#8230;<\/p>\n","protected":false},"author":1,"featured_media":50609,"comment_status":"open","ping_status":"open","sticky":false,"template":"","format":"standard","meta":{"_crdt_document":"","footnotes":""},"categories":[5],"tags":[],"class_list":["post-50608","post","type-post","status-publish","format-standard","has-post-thumbnail","hentry","category-asayis"],"_links":{"self":[{"href":"https:\/\/www.egemtv.com\/index.php?rest_route=\/wp\/v2\/posts\/50608","targetHints":{"allow":["GET"]}}],"collection":[{"href":"https:\/\/www.egemtv.com\/index.php?rest_route=\/wp\/v2\/posts"}],"about":[{"href":"https:\/\/www.egemtv.com\/index.php?rest_route=\/wp\/v2\/types\/post"}],"author":[{"embeddable":true,"href":"https:\/\/www.egemtv.com\/index.php?rest_route=\/wp\/v2\/users\/1"}],"replies":[{"embeddable":true,"href":"https:\/\/www.egemtv.com\/index.php?rest_route=%2Fwp%2Fv2%2Fcomments&post=50608"}],"version-history":[{"count":1,"href":"https:\/\/www.egemtv.com\/index.php?rest_route=\/wp\/v2\/posts\/50608\/revisions"}],"predecessor-version":[{"id":50610,"href":"https:\/\/www.egemtv.com\/index.php?rest_route=\/wp\/v2\/posts\/50608\/revisions\/50610"}],"wp:featuredmedia":[{"embeddable":true,"href":"https:\/\/www.egemtv.com\/index.php?rest_route=\/wp\/v2\/media\/50609"}],"wp:attachment":[{"href":"https:\/\/www.egemtv.com\/index.php?rest_route=%2Fwp%2Fv2%2Fmedia&parent=50608"}],"wp:term":[{"taxonomy":"category","embeddable":true,"href":"https:\/\/www.egemtv.com\/index.php?rest_route=%2Fwp%2Fv2%2Fcategories&post=50608"},{"taxonomy":"post_tag","embeddable":true,"href":"https:\/\/www.egemtv.com\/index.php?rest_route=%2Fwp%2Fv2%2Ftags&post=50608"}],"curies":[{"name":"wp","href":"https:\/\/api.w.org\/{rel}","templated":true}]}}