{"id":50605,"date":"2025-08-23T09:54:58","date_gmt":"2025-08-23T06:54:58","guid":{"rendered":"https:\/\/www.egemtv.com\/?p=50605"},"modified":"2025-08-23T09:54:58","modified_gmt":"2025-08-23T06:54:58","slug":"kusadasinda-cocuk-koruma-ve-kadina-yonelik-siddetle-mucadele-toplantisi-yapildi","status":"publish","type":"post","link":"https:\/\/www.egemtv.com\/?p=50605","title":{"rendered":"Ku\u015fadas\u0131\u2019nda \u00c7ocuk Koruma ve Kad\u0131na Y\u00f6nelik \u015eiddetle M\u00fccadele toplant\u0131s\u0131 yap\u0131ld\u0131"},"content":{"rendered":"<p>Ayd\u0131n\u2019\u0131n Ku\u015fadas\u0131 il\u00e7esinde, 5395 Say\u0131l\u0131 \u00c7ocuk Koruma Kanunu \u00e7er\u00e7evesinde d\u00fczenlenen \u0130l\u00e7e Koordinasyon \u0130zleme ve De\u011ferlendirme Toplant\u0131s\u0131 ile Kad\u0131na Y\u00f6nelik \u015eiddetle M\u00fccadele Toplant\u0131s\u0131 ger\u00e7ekle\u015ftirildi. Toplant\u0131ya, Kaymakam \u0130brahim Keklik ba\u015fkanl\u0131k etti.<\/p>\n<p>Kamu kurum ve kurulu\u015flar\u0131n\u0131n temsilcilerinin kat\u0131l\u0131m\u0131yla yap\u0131lan toplant\u0131da, \u00e7ocuklar\u0131n korunmas\u0131na y\u00f6nelik mevzuat \u00e7er\u00e7evesinde y\u00fcr\u00fct\u00fclen \u00e7al\u0131\u015fmalar ele al\u0131nd\u0131. \u00c7ocuklar\u0131n e\u011fitim, sa\u011fl\u0131k, g\u00fcvenlik ve sosyal hayatlar\u0131n\u0131 ilgilendiren konularla ilgili kurumlar aras\u0131nda koordinasyonun art\u0131r\u0131lmas\u0131, al\u0131nacak \u00f6nlemler ve uygulanacak y\u00f6ntemler de\u011ferlendirildi. Toplant\u0131n\u0131n ikinci b\u00f6l\u00fcm\u00fcnde ise kad\u0131na y\u00f6nelik \u015fiddetin \u00f6nlenmesine ili\u015fkin \u00e7al\u0131\u015fmalar g\u00fcndeme geldi. \u015eiddetle m\u00fccadele alan\u0131nda y\u00fcr\u00fct\u00fclen faaliyetler, kurumlar aras\u0131 i\u015f birli\u011fi, fark\u0131ndal\u0131k \u00e7al\u0131\u015fmalar\u0131 ve sahada kar\u015f\u0131la\u015f\u0131lan sorunlar \u00fczerinde duruldu. Ayr\u0131ca, \u015fiddet ma\u011fdurlar\u0131na y\u00f6nelik destek mekanizmalar\u0131n\u0131n g\u00fc\u00e7lendirilmesi ve al\u0131nacak yeni tedbirler hakk\u0131nda g\u00f6r\u00fc\u015f al\u0131\u015fveri\u015finde bulunuldu. Kaymakam \u0130brahim Keklik, yapt\u0131\u011f\u0131 de\u011ferlendirmede, \u00e7ocuklar\u0131n ve kad\u0131nlar\u0131n korunmas\u0131n\u0131n devletin en \u00f6nemli g\u00f6revlerinden biri oldu\u011funu vurgulayarak, kurumlar\u0131n koordinasyon i\u00e7inde hareket etmesinin \u00f6nemine dikkat \u00e7ekti. Toplant\u0131, kat\u0131l\u0131mc\u0131lar\u0131n kar\u015f\u0131l\u0131kl\u0131 g\u00f6r\u00fc\u015f ve \u00f6nerilerini sunmalar\u0131n\u0131n ard\u0131ndan sona erdi.<br \/><\/p>\n","protected":false},"excerpt":{"rendered":"<p>Ayd\u0131n\u2019\u0131n Ku\u015fadas\u0131 il\u00e7esinde, 5395 Say\u0131l\u0131 \u00c7ocuk Koruma Kanunu \u00e7er\u00e7evesinde d\u00fczenlenen \u0130l\u00e7e Koordinasyon \u0130zleme ve De\u011ferlendirme Toplant\u0131s\u0131 ile Kad\u0131na Y\u00f6nelik \u015eiddetle M\u00fccadele Toplant\u0131s\u0131 ger\u00e7ekle\u015ftirildi. Toplant\u0131ya, Kaymakam \u0130brahim Keklik ba\u015fkanl\u0131k etti. Kamu kurum ve kurulu\u015flar\u0131n\u0131n temsilcilerinin kat\u0131l\u0131m\u0131yla yap\u0131lan toplant\u0131da, \u00e7ocuklar\u0131n korunmas\u0131na y\u00f6nelik mevzuat \u00e7er\u00e7evesinde y\u00fcr\u00fct\u00fclen \u00e7al\u0131\u015fmalar ele al\u0131nd\u0131. \u00c7ocuklar\u0131n e\u011fitim, sa\u011fl\u0131k, g\u00fcvenlik ve sosyal hayatlar\u0131n\u0131 ilgilendiren konularla&#8230;<\/p>\n","protected":false},"author":1,"featured_media":50606,"comment_status":"open","ping_status":"open","sticky":false,"template":"","format":"standard","meta":{"_crdt_document":"","footnotes":""},"categories":[1],"tags":[],"class_list":["post-50605","post","type-post","status-publish","format-standard","has-post-thumbnail","hentry","category-guncel"],"_links":{"self":[{"href":"https:\/\/www.egemtv.com\/index.php?rest_route=\/wp\/v2\/posts\/50605","targetHints":{"allow":["GET"]}}],"collection":[{"href":"https:\/\/www.egemtv.com\/index.php?rest_route=\/wp\/v2\/posts"}],"about":[{"href":"https:\/\/www.egemtv.com\/index.php?rest_route=\/wp\/v2\/types\/post"}],"author":[{"embeddable":true,"href":"https:\/\/www.egemtv.com\/index.php?rest_route=\/wp\/v2\/users\/1"}],"replies":[{"embeddable":true,"href":"https:\/\/www.egemtv.com\/index.php?rest_route=%2Fwp%2Fv2%2Fcomments&post=50605"}],"version-history":[{"count":1,"href":"https:\/\/www.egemtv.com\/index.php?rest_route=\/wp\/v2\/posts\/50605\/revisions"}],"predecessor-version":[{"id":50607,"href":"https:\/\/www.egemtv.com\/index.php?rest_route=\/wp\/v2\/posts\/50605\/revisions\/50607"}],"wp:featuredmedia":[{"embeddable":true,"href":"https:\/\/www.egemtv.com\/index.php?rest_route=\/wp\/v2\/media\/50606"}],"wp:attachment":[{"href":"https:\/\/www.egemtv.com\/index.php?rest_route=%2Fwp%2Fv2%2Fmedia&parent=50605"}],"wp:term":[{"taxonomy":"category","embeddable":true,"href":"https:\/\/www.egemtv.com\/index.php?rest_route=%2Fwp%2Fv2%2Fcategories&post=50605"},{"taxonomy":"post_tag","embeddable":true,"href":"https:\/\/www.egemtv.com\/index.php?rest_route=%2Fwp%2Fv2%2Ftags&post=50605"}],"curies":[{"name":"wp","href":"https:\/\/api.w.org\/{rel}","templated":true}]}}