{"id":50602,"date":"2025-08-23T09:54:57","date_gmt":"2025-08-23T06:54:57","guid":{"rendered":"https:\/\/www.egemtv.com\/?p=50602"},"modified":"2025-08-23T09:54:57","modified_gmt":"2025-08-23T06:54:57","slug":"didimliler-gune-sabah-sporu-ile-basliyor","status":"publish","type":"post","link":"https:\/\/www.egemtv.com\/?p=50602","title":{"rendered":"Didimliler g\u00fcne sabah sporu ile ba\u015fl\u0131yor"},"content":{"rendered":"<p>Didim Belediyesi, halk\u0131 sa\u011fl\u0131kl\u0131 ya\u015famla bulu\u015fturmaya devam ediyor. G\u00fcn do\u011fumu ile ba\u015flayan sabah sporu bulu\u015fmalar\u0131, Didimlilere zinde kalma f\u0131rsat\u0131 sunuyor.<\/p>\n<p>Sabah\u0131n ilk \u0131\u015f\u0131klar\u0131yla birlikte Amfi Tiyatro\u2019nun yemye\u015fil alan\u0131nda bir araya gelen \u00e7ok say\u0131da vatanda\u015f, dalga sesleri ve meltemin serinli\u011fi e\u015fli\u011finde sabah sporu yaparak g\u00fcne pozitif enerjiyle ba\u015fl\u0131yor. Her Pazartesi, \u00c7ar\u015famba ve Cuma g\u00fcn\u00fc 07.30 &#8211; 08.30 saatleri aras\u0131nda d\u00fczenlenen bulu\u015fmalarda, kat\u0131l\u0131mc\u0131lar uzman e\u011fitmenler e\u015fli\u011finde v\u00fccut ve nefes egzersizleri yap\u0131yor.<\/p>\n<p>Etkinliklerin en \u00f6zel k\u0131sm\u0131 ise her \u00c7ar\u015famba g\u00fcn\u00fc denizde yap\u0131l\u0131yor. Didim\u2019in mavilikleri \u00fczerinde, g\u00f6ky\u00fcz\u00fcyle b\u00fct\u00fcnle\u015ferek yap\u0131lan bu s\u0131ra d\u0131\u015f\u0131 etkinlik, kat\u0131lanlara unutulmaz bir deneyim ya\u015fat\u0131yor. Do\u011fayla i\u00e7 i\u00e7e ger\u00e7ekle\u015ftirilen bu bulu\u015fmalar, hem sporun hem de huzurun birle\u015fti\u011fi benzersiz bir ortam olu\u015fturuyor.<\/p>\n<p>Didim Belediye Ba\u015fkan\u0131 Hatice Gen\u00e7ay, &#8220;Halk\u0131m\u0131z\u0131n sa\u011fl\u0131kl\u0131, huzurlu ve mutlu bir ya\u015fam s\u00fcrmesi i\u00e7in \u00e7al\u0131\u015fmalar\u0131m\u0131za devam ediyoruz. Didim\u2019de g\u00fcne b\u00f6ylesi bir huzurla ba\u015flamak, kentimizin ya\u015fam kalitesine ayr\u0131 bir de\u011fer kat\u0131yor. T\u00fcm halk\u0131m\u0131z\u0131 bu e\u015fsiz bulu\u015fmalara davet ediyorum&#8221; dedi.<br \/><\/p>\n","protected":false},"excerpt":{"rendered":"<p>Didim Belediyesi, halk\u0131 sa\u011fl\u0131kl\u0131 ya\u015famla bulu\u015fturmaya devam ediyor. G\u00fcn do\u011fumu ile ba\u015flayan sabah sporu bulu\u015fmalar\u0131, Didimlilere zinde kalma f\u0131rsat\u0131 sunuyor. Sabah\u0131n ilk \u0131\u015f\u0131klar\u0131yla birlikte Amfi Tiyatro\u2019nun yemye\u015fil alan\u0131nda bir araya gelen \u00e7ok say\u0131da vatanda\u015f, dalga sesleri ve meltemin serinli\u011fi e\u015fli\u011finde sabah sporu yaparak g\u00fcne pozitif enerjiyle ba\u015fl\u0131yor. Her Pazartesi, \u00c7ar\u015famba ve Cuma g\u00fcn\u00fc 07.30 &#8211;&#8230;<\/p>\n","protected":false},"author":1,"featured_media":50603,"comment_status":"open","ping_status":"open","sticky":false,"template":"","format":"standard","meta":{"_crdt_document":"","footnotes":""},"categories":[1],"tags":[],"class_list":["post-50602","post","type-post","status-publish","format-standard","has-post-thumbnail","hentry","category-guncel"],"_links":{"self":[{"href":"https:\/\/www.egemtv.com\/index.php?rest_route=\/wp\/v2\/posts\/50602","targetHints":{"allow":["GET"]}}],"collection":[{"href":"https:\/\/www.egemtv.com\/index.php?rest_route=\/wp\/v2\/posts"}],"about":[{"href":"https:\/\/www.egemtv.com\/index.php?rest_route=\/wp\/v2\/types\/post"}],"author":[{"embeddable":true,"href":"https:\/\/www.egemtv.com\/index.php?rest_route=\/wp\/v2\/users\/1"}],"replies":[{"embeddable":true,"href":"https:\/\/www.egemtv.com\/index.php?rest_route=%2Fwp%2Fv2%2Fcomments&post=50602"}],"version-history":[{"count":1,"href":"https:\/\/www.egemtv.com\/index.php?rest_route=\/wp\/v2\/posts\/50602\/revisions"}],"predecessor-version":[{"id":50604,"href":"https:\/\/www.egemtv.com\/index.php?rest_route=\/wp\/v2\/posts\/50602\/revisions\/50604"}],"wp:featuredmedia":[{"embeddable":true,"href":"https:\/\/www.egemtv.com\/index.php?rest_route=\/wp\/v2\/media\/50603"}],"wp:attachment":[{"href":"https:\/\/www.egemtv.com\/index.php?rest_route=%2Fwp%2Fv2%2Fmedia&parent=50602"}],"wp:term":[{"taxonomy":"category","embeddable":true,"href":"https:\/\/www.egemtv.com\/index.php?rest_route=%2Fwp%2Fv2%2Fcategories&post=50602"},{"taxonomy":"post_tag","embeddable":true,"href":"https:\/\/www.egemtv.com\/index.php?rest_route=%2Fwp%2Fv2%2Ftags&post=50602"}],"curies":[{"name":"wp","href":"https:\/\/api.w.org\/{rel}","templated":true}]}}