{"id":50599,"date":"2025-08-23T07:34:39","date_gmt":"2025-08-23T04:34:39","guid":{"rendered":"https:\/\/www.egemtv.com\/?p=50599"},"modified":"2025-08-23T07:34:40","modified_gmt":"2025-08-23T04:34:40","slug":"elleriyle-pogaca-yapan-kadin-vekil-safakta-ureticiyle-birlikte-hasat-yapti","status":"publish","type":"post","link":"https:\/\/www.egemtv.com\/?p=50599","title":{"rendered":"Elleriyle po\u011fa\u00e7a yapan kad\u0131n vekil \u015fafakta \u00fcreticiyle birlikte hasat yapt\u0131"},"content":{"rendered":"<p>Kendi elleriyle po\u011fa\u00e7a yapan Denizli Milletvekili Sema Silkin \u00dcn, \u015fafakta tarlaya inerek, \u00fcreticiyle birlikte hasat yapt\u0131. T\u00fct\u00fcn\u00fcn ard\u0131ndan \u00fcz\u00fcm \u00fcreticilerinin de sesi olan \u00dcn, &#8220;Kaliteli \u00fcz\u00fcm\u00fc kalite gerektirmeyen meyve suyuna vermek bu ba\u011flara, bu topra\u011f\u0131n bereketine haks\u0131zl\u0131k etmek demektir&#8221; dedi.<\/p>\n<p>Denizli Milletvekili Sema Silkin \u00dcn, hasat sezonunun devam etti\u011fi memleketinde t\u00fct\u00fcnc\u00fcn\u00fcn ard\u0131ndan bu kez de \u00fcz\u00fcm \u00fcreticilerini yaln\u0131z b\u0131rakmad\u0131. Ge\u00e7ti\u011fimiz hafta s\u0131cak havada t\u00fct\u00fcn toplayan Sema Silkin \u00dcn, \u00fcz\u00fcm \u00fcreticilerinin de hasat \u00e7al\u0131\u015fmalar\u0131na destek verdi. Geceden kendi elleriyle mutfa\u011f\u0131nda po\u011fa\u00e7a yapan Vekil \u00dcn, sabah\u0131n 05.00\u2019inde \u00fcreticilerle birlikte tarlada kahvalt\u0131s\u0131n\u0131 yapt\u0131ktan sonra hasada kat\u0131ld\u0131. \u00dcreticilerle birlikte \u00fcz\u00fcn kesip, sele ta\u015f\u0131yan Vekil \u00dcn, \u00fcreticinin tarladan sofralara uzanan zorlu mesaisine dikkat \u00e7ekti. Me\u015fhur Sultani \u00fcz\u00fcm\u00fcn merkezi Buldan\u2019\u0131n Do\u011fank\u00f6y Mahallesi\u2019nde \u00fcz\u00fcm hasad\u0131 yapan \u00dcn, \u00e7ift\u00e7inin ya\u015f \u00fcz\u00fcm fiyat\u0131 konusundaki taleplerini kamuoyuyla payla\u015ft\u0131.<\/p>\n<p>En \u00f6nemli ge\u00e7im kaynaklar\u0131 \u00fcz\u00fcm olan Do\u011fank\u00f6y Mahallesi sakinleriyle birlikte hasat yapan Denizli Milletvekili Sema Silkin \u00dcn, \u00fcreticinin her y\u0131l farkl\u0131 sorunlarla m\u00fccadele etti\u011fini s\u00f6yledi. Bu y\u0131l da \u00fcreticinin fiyat belirsizli\u011fi nedeniyle s\u0131k\u0131nt\u0131ya d\u00fc\u015ft\u00fc\u011f\u00fcn\u00fc kaydeden \u00dcn, &#8220;Bug\u00fcn \u00e7ift\u00e7imizin en b\u00fcy\u00fck s\u0131k\u0131nt\u0131s\u0131 fiyat belirleyememek. Ellerinde sofral\u0131k \u00fcz\u00fcmleri var ama fiyat tutturamad\u0131klar\u0131 i\u00e7in s\u0131k\u0131nt\u0131 ya\u015f\u0131yorlar. Kaliteli sofral\u0131k Sultaniye \u00fcz\u00fcmlerimiz maalesef dalda daha fazla duramayacaklar\u0131 i\u00e7in \u015furuba veya meyve suyuna gitmek zorunda b\u0131rak\u0131l\u0131yor. Belirsizlik nedeniyle kaliteli Buldan Sultaniye \u00fcz\u00fcm\u00fcn\u00fc, daha az kalite gerektiren bir alanda de\u011ferlendirmek zorunda kal\u0131yoruz. Havalar \u00e7ok s\u0131cak oldu\u011fu i\u00e7in \u00fcz\u00fcm\u00fcn dal\u0131nda imkan\u0131 yok. \u00dcreticilerin acilen \u00fcr\u00fcnlerini toplamalar\u0131 gerekiyor. Piyasadaki belirsizlik devam ederse, \u00fcz\u00fcm \u00fcreticisinin zarar\u0131 katlanarak devam edecek. Konuyu Ankara\u2019daki yetkililere de iletece\u011fiz ve takip\u00e7isi olaca\u011f\u0131z ama \u00e7ift\u00e7inin daha fazla bekleyecek takati yok. Bu maksatl\u0131 geciktirme, \u00e7ift\u00e7iyi piyasan\u0131n tekeli olmu\u015f firmalar\u0131n elinde oyuncak ediyor. \u00c7ift\u00e7iyi her ge\u00e7en g\u00fcn \u00fcretimden geri \u00e7ekmek i\u00e7in sanki \u00f6zel bir \u00e7al\u0131\u015fma yap\u0131l\u0131yor gibi bir intiba olu\u015fmu\u015f durumda. Kaliteli \u00fcz\u00fcm\u00fc kalite gerektirmeyen meyve suyuna vermek bu ba\u011flara, bu topra\u011f\u0131n bereketine haks\u0131zl\u0131k etmek demektir. T\u00fcccarlar\u0131n piyasay\u0131 daraltmas\u0131na m\u00fcsaade etmeden \u00e7ift\u00e7iyi d\u00fc\u015f\u00fcnerek, topra\u011f\u0131n\u0131 ekip bi\u00e7en insanlar\u0131n d\u00fc\u015f\u00fcn\u00fclerek bir yol haritas\u0131 \u00e7izilmesini bekliyoruz&#8221; \u015feklinde konu\u015ftu.<br \/><\/p>\n","protected":false},"excerpt":{"rendered":"<p>Kendi elleriyle po\u011fa\u00e7a yapan Denizli Milletvekili Sema Silkin \u00dcn, \u015fafakta tarlaya inerek, \u00fcreticiyle birlikte hasat yapt\u0131. T\u00fct\u00fcn\u00fcn ard\u0131ndan \u00fcz\u00fcm \u00fcreticilerinin de sesi olan \u00dcn, &#8220;Kaliteli \u00fcz\u00fcm\u00fc kalite gerektirmeyen meyve suyuna vermek bu ba\u011flara, bu topra\u011f\u0131n bereketine haks\u0131zl\u0131k etmek demektir&#8221; dedi. Denizli Milletvekili Sema Silkin \u00dcn, hasat sezonunun devam etti\u011fi memleketinde t\u00fct\u00fcnc\u00fcn\u00fcn ard\u0131ndan bu kez de&#8230;<\/p>\n","protected":false},"author":1,"featured_media":50600,"comment_status":"open","ping_status":"open","sticky":false,"template":"","format":"standard","meta":{"_crdt_document":"","footnotes":""},"categories":[125],"tags":[],"class_list":["post-50599","post","type-post","status-publish","format-standard","has-post-thumbnail","hentry","category-ekonomi"],"_links":{"self":[{"href":"https:\/\/www.egemtv.com\/index.php?rest_route=\/wp\/v2\/posts\/50599","targetHints":{"allow":["GET"]}}],"collection":[{"href":"https:\/\/www.egemtv.com\/index.php?rest_route=\/wp\/v2\/posts"}],"about":[{"href":"https:\/\/www.egemtv.com\/index.php?rest_route=\/wp\/v2\/types\/post"}],"author":[{"embeddable":true,"href":"https:\/\/www.egemtv.com\/index.php?rest_route=\/wp\/v2\/users\/1"}],"replies":[{"embeddable":true,"href":"https:\/\/www.egemtv.com\/index.php?rest_route=%2Fwp%2Fv2%2Fcomments&post=50599"}],"version-history":[{"count":1,"href":"https:\/\/www.egemtv.com\/index.php?rest_route=\/wp\/v2\/posts\/50599\/revisions"}],"predecessor-version":[{"id":50601,"href":"https:\/\/www.egemtv.com\/index.php?rest_route=\/wp\/v2\/posts\/50599\/revisions\/50601"}],"wp:featuredmedia":[{"embeddable":true,"href":"https:\/\/www.egemtv.com\/index.php?rest_route=\/wp\/v2\/media\/50600"}],"wp:attachment":[{"href":"https:\/\/www.egemtv.com\/index.php?rest_route=%2Fwp%2Fv2%2Fmedia&parent=50599"}],"wp:term":[{"taxonomy":"category","embeddable":true,"href":"https:\/\/www.egemtv.com\/index.php?rest_route=%2Fwp%2Fv2%2Fcategories&post=50599"},{"taxonomy":"post_tag","embeddable":true,"href":"https:\/\/www.egemtv.com\/index.php?rest_route=%2Fwp%2Fv2%2Ftags&post=50599"}],"curies":[{"name":"wp","href":"https:\/\/api.w.org\/{rel}","templated":true}]}}