{"id":50596,"date":"2025-08-23T00:54:44","date_gmt":"2025-08-22T21:54:44","guid":{"rendered":"https:\/\/www.egemtv.com\/?p=50596"},"modified":"2025-08-23T00:54:45","modified_gmt":"2025-08-22T21:54:45","slug":"tavsanlida-cikan-yanginda-4-ev-kullanilamaz-hale-geldi","status":"publish","type":"post","link":"https:\/\/www.egemtv.com\/?p=50596","title":{"rendered":"Tav\u015fanl\u0131\u2019da \u00e7\u0131kan yang\u0131nda 4 ev kullan\u0131lamaz hale geldi"},"content":{"rendered":"<p>K\u00fctahya\u2019n\u0131n Tav\u015fanl\u0131 il\u00e7esine ba\u011fl\u0131 Ba\u015fk\u00f6y k\u00f6y\u00fcnde ak\u015fam saatlerinde \u00e7\u0131kan yang\u0131n, b\u00fcy\u00fck korku olu\u015fturdu. Bir evde ba\u015flayan alevler, r\u00fczgar\u0131n da etkisiyle k\u0131sa s\u00fcrede yay\u0131larak biti\u015fik evlere s\u0131\u00e7rad\u0131.<br \/>\n<br \/>Ba\u015fk\u00f6y k\u00f6y\u00fcnde \u00e7\u0131kan yang\u0131na m\u00fcdahale i\u00e7in \u00e7ok say\u0131da ekip seferber oldu. Tav\u015fanl\u0131 Belediyesi, \u00e7evre beldelerin itfaiye ekipleri, orman i\u015fletmesi ve Garp Linyit \u0130\u015fletmesi\u2019ne ait araz\u00f6zler ve i\u015f makineleri yang\u0131n s\u00f6nd\u00fcrme \u00e7al\u0131\u015fmalar\u0131na kat\u0131ld\u0131. Yang\u0131nda, Hasan \u015e., H\u00fcseyin \u015e. ve \u015eerif A.\u2019ya ait evler yand\u0131.<br \/>\n<br \/>Tav\u015fanl\u0131 Belediye Ba\u015fkan\u0131 Ali Kemal Derin ve ba\u015fkan yard\u0131mc\u0131lar\u0131 da olay yerine gelerek incelemelerde bulundu ve ekiplerden bilgi ald\u0131. Can kayb\u0131n\u0131n ya\u015fanmad\u0131\u011f\u0131 yang\u0131nda, maddi hasar\u0131n boyutu ise hen\u00fcz tam olarak belirlenmedi.<br \/>\n<br \/>Yang\u0131n\u0131n \u00e7\u0131k\u0131\u015f sebebiyle ilgili soru\u015fturma devam ediyor.<br \/><\/p>\n","protected":false},"excerpt":{"rendered":"<p>K\u00fctahya\u2019n\u0131n Tav\u015fanl\u0131 il\u00e7esine ba\u011fl\u0131 Ba\u015fk\u00f6y k\u00f6y\u00fcnde ak\u015fam saatlerinde \u00e7\u0131kan yang\u0131n, b\u00fcy\u00fck korku olu\u015fturdu. Bir evde ba\u015flayan alevler, r\u00fczgar\u0131n da etkisiyle k\u0131sa s\u00fcrede yay\u0131larak biti\u015fik evlere s\u0131\u00e7rad\u0131. Ba\u015fk\u00f6y k\u00f6y\u00fcnde \u00e7\u0131kan yang\u0131na m\u00fcdahale i\u00e7in \u00e7ok say\u0131da ekip seferber oldu. Tav\u015fanl\u0131 Belediyesi, \u00e7evre beldelerin itfaiye ekipleri, orman i\u015fletmesi ve Garp Linyit \u0130\u015fletmesi\u2019ne ait araz\u00f6zler ve i\u015f makineleri yang\u0131n&#8230;<\/p>\n","protected":false},"author":1,"featured_media":50597,"comment_status":"open","ping_status":"open","sticky":false,"template":"","format":"standard","meta":{"_crdt_document":"","footnotes":""},"categories":[5],"tags":[],"class_list":["post-50596","post","type-post","status-publish","format-standard","has-post-thumbnail","hentry","category-asayis"],"_links":{"self":[{"href":"https:\/\/www.egemtv.com\/index.php?rest_route=\/wp\/v2\/posts\/50596","targetHints":{"allow":["GET"]}}],"collection":[{"href":"https:\/\/www.egemtv.com\/index.php?rest_route=\/wp\/v2\/posts"}],"about":[{"href":"https:\/\/www.egemtv.com\/index.php?rest_route=\/wp\/v2\/types\/post"}],"author":[{"embeddable":true,"href":"https:\/\/www.egemtv.com\/index.php?rest_route=\/wp\/v2\/users\/1"}],"replies":[{"embeddable":true,"href":"https:\/\/www.egemtv.com\/index.php?rest_route=%2Fwp%2Fv2%2Fcomments&post=50596"}],"version-history":[{"count":1,"href":"https:\/\/www.egemtv.com\/index.php?rest_route=\/wp\/v2\/posts\/50596\/revisions"}],"predecessor-version":[{"id":50598,"href":"https:\/\/www.egemtv.com\/index.php?rest_route=\/wp\/v2\/posts\/50596\/revisions\/50598"}],"wp:featuredmedia":[{"embeddable":true,"href":"https:\/\/www.egemtv.com\/index.php?rest_route=\/wp\/v2\/media\/50597"}],"wp:attachment":[{"href":"https:\/\/www.egemtv.com\/index.php?rest_route=%2Fwp%2Fv2%2Fmedia&parent=50596"}],"wp:term":[{"taxonomy":"category","embeddable":true,"href":"https:\/\/www.egemtv.com\/index.php?rest_route=%2Fwp%2Fv2%2Fcategories&post=50596"},{"taxonomy":"post_tag","embeddable":true,"href":"https:\/\/www.egemtv.com\/index.php?rest_route=%2Fwp%2Fv2%2Ftags&post=50596"}],"curies":[{"name":"wp","href":"https:\/\/api.w.org\/{rel}","templated":true}]}}