{"id":50593,"date":"2025-08-22T22:16:23","date_gmt":"2025-08-22T19:16:23","guid":{"rendered":"https:\/\/www.egemtv.com\/?p=50593"},"modified":"2025-08-22T22:16:24","modified_gmt":"2025-08-22T19:16:24","slug":"kontrolunu-kaybeden-surucunun-caddeyi-birbirine-kattigi-kaza-kamerada","status":"publish","type":"post","link":"https:\/\/www.egemtv.com\/?p=50593","title":{"rendered":"Kontrol\u00fcn\u00fc kaybeden s\u00fcr\u00fcc\u00fcn\u00fcn caddeyi birbirine katt\u0131\u011f\u0131 kaza kamerada"},"content":{"rendered":"<p>K\u00fctahya\u2019da s\u00fcr\u00fcc\u00fcs\u00fcn\u00fcn direksiyon hakimiyetini kaybetti\u011fi otomobil \u00f6nce park halindeki kamyonete, ard\u0131ndan da kald\u0131r\u0131mdaki ayd\u0131nlatma dire\u011fine \u00e7arpt\u0131. Kaza anbean g\u00fcvenlik kameralar\u0131na yans\u0131d\u0131.<br \/>\n<br \/>Edinilen bilgilere g\u00f6re, d\u00fcn ak\u015fam ehliyetsiz oldu\u011fu \u00f6ne s\u00fcr\u00fclen s\u00fcr\u00fcc\u00fcn\u00fcn direksiyon h\u00e2kimiyetini kaybetmesi sonucu otomobil \u00f6nce yol kenar\u0131nda park halindeki bir kamyonete, ard\u0131ndan da kald\u0131r\u0131mdaki ayd\u0131nlatma dire\u011fine \u00e7arpt\u0131. \u00c7arpman\u0131n \u015fiddetiyle direk devrilirken, baz\u0131 vatanda\u015flar otomobilin ve dire\u011fin alt\u0131nda kalmaktan k\u0131l pay\u0131 kurtuldu. Kazay\u0131 g\u00f6ren vatanda\u015flar\u0131n panikle ka\u00e7t\u0131\u011f\u0131 anlar g\u00fcvenlik kameralar\u0131na yans\u0131d\u0131.<br \/>\n<br \/>Polis ekipleri kazayla ilgili inceleme ba\u015flatt\u0131.<br \/><\/p>\n","protected":false},"excerpt":{"rendered":"<p>K\u00fctahya\u2019da s\u00fcr\u00fcc\u00fcs\u00fcn\u00fcn direksiyon hakimiyetini kaybetti\u011fi otomobil \u00f6nce park halindeki kamyonete, ard\u0131ndan da kald\u0131r\u0131mdaki ayd\u0131nlatma dire\u011fine \u00e7arpt\u0131. Kaza anbean g\u00fcvenlik kameralar\u0131na yans\u0131d\u0131. Edinilen bilgilere g\u00f6re, d\u00fcn ak\u015fam ehliyetsiz oldu\u011fu \u00f6ne s\u00fcr\u00fclen s\u00fcr\u00fcc\u00fcn\u00fcn direksiyon h\u00e2kimiyetini kaybetmesi sonucu otomobil \u00f6nce yol kenar\u0131nda park halindeki bir kamyonete, ard\u0131ndan da kald\u0131r\u0131mdaki ayd\u0131nlatma dire\u011fine \u00e7arpt\u0131. \u00c7arpman\u0131n \u015fiddetiyle direk devrilirken, baz\u0131 vatanda\u015flar&#8230;<\/p>\n","protected":false},"author":1,"featured_media":50594,"comment_status":"open","ping_status":"open","sticky":false,"template":"","format":"standard","meta":{"_crdt_document":"","footnotes":""},"categories":[5],"tags":[],"class_list":["post-50593","post","type-post","status-publish","format-standard","has-post-thumbnail","hentry","category-asayis"],"_links":{"self":[{"href":"https:\/\/www.egemtv.com\/index.php?rest_route=\/wp\/v2\/posts\/50593","targetHints":{"allow":["GET"]}}],"collection":[{"href":"https:\/\/www.egemtv.com\/index.php?rest_route=\/wp\/v2\/posts"}],"about":[{"href":"https:\/\/www.egemtv.com\/index.php?rest_route=\/wp\/v2\/types\/post"}],"author":[{"embeddable":true,"href":"https:\/\/www.egemtv.com\/index.php?rest_route=\/wp\/v2\/users\/1"}],"replies":[{"embeddable":true,"href":"https:\/\/www.egemtv.com\/index.php?rest_route=%2Fwp%2Fv2%2Fcomments&post=50593"}],"version-history":[{"count":1,"href":"https:\/\/www.egemtv.com\/index.php?rest_route=\/wp\/v2\/posts\/50593\/revisions"}],"predecessor-version":[{"id":50595,"href":"https:\/\/www.egemtv.com\/index.php?rest_route=\/wp\/v2\/posts\/50593\/revisions\/50595"}],"wp:featuredmedia":[{"embeddable":true,"href":"https:\/\/www.egemtv.com\/index.php?rest_route=\/wp\/v2\/media\/50594"}],"wp:attachment":[{"href":"https:\/\/www.egemtv.com\/index.php?rest_route=%2Fwp%2Fv2%2Fmedia&parent=50593"}],"wp:term":[{"taxonomy":"category","embeddable":true,"href":"https:\/\/www.egemtv.com\/index.php?rest_route=%2Fwp%2Fv2%2Fcategories&post=50593"},{"taxonomy":"post_tag","embeddable":true,"href":"https:\/\/www.egemtv.com\/index.php?rest_route=%2Fwp%2Fv2%2Ftags&post=50593"}],"curies":[{"name":"wp","href":"https:\/\/api.w.org\/{rel}","templated":true}]}}