{"id":50590,"date":"2025-08-22T22:16:22","date_gmt":"2025-08-22T19:16:22","guid":{"rendered":"https:\/\/www.egemtv.com\/?p=50590"},"modified":"2025-08-22T22:16:23","modified_gmt":"2025-08-22T19:16:23","slug":"manisada-motosiklet-aracla-kafa-kafaya-carpisti-1-olu","status":"publish","type":"post","link":"https:\/\/www.egemtv.com\/?p=50590","title":{"rendered":"Manisa\u2019da motosiklet ara\u00e7la kafa kafaya \u00e7arp\u0131\u015ft\u0131: 1 \u00f6l\u00fc"},"content":{"rendered":"<p>Manisa\u2019n\u0131n K\u0131rka\u011fa\u00e7 il\u00e7esinde meydana gelen trafik kazas\u0131nda 1 ki\u015fi hayat\u0131n\u0131 kaybetti.<br \/>\n<br \/>Kaza, K\u0131rka\u011fa\u00e7 il\u00e7esine ba\u011fl\u0131 Alifak\u0131 Mahallesi\u2019nde meydana geldi. Mustafa \u015eahinkaya\u2019n\u0131n (77) kulland\u0131\u011f\u0131 45 PA 1448 plakal\u0131 motosiklet, kar\u015f\u0131 y\u00f6nden gelen N.Z. (61) idaresindeki 45 AES 328 plakal\u0131 palelvan ara\u00e7la kafa kafaya \u00e7arp\u0131\u015ft\u0131. Kazada motosiklet s\u00fcr\u00fcc\u00fcs\u00fc Mustafa \u015eahinkaya a\u011f\u0131r yaraland\u0131. Ambulansla Akhisar\u2019daki hastaneye kald\u0131r\u0131lan ya\u015fl\u0131 adam, yap\u0131lan t\u00fcm m\u00fcdahalelere ra\u011fmen kurtar\u0131lamad\u0131.<br \/>\n<br \/>Kazayla ilgili soru\u015fturma ba\u015flat\u0131ld\u0131.<br \/><\/p>\n","protected":false},"excerpt":{"rendered":"<p>Manisa\u2019n\u0131n K\u0131rka\u011fa\u00e7 il\u00e7esinde meydana gelen trafik kazas\u0131nda 1 ki\u015fi hayat\u0131n\u0131 kaybetti. Kaza, K\u0131rka\u011fa\u00e7 il\u00e7esine ba\u011fl\u0131 Alifak\u0131 Mahallesi\u2019nde meydana geldi. Mustafa \u015eahinkaya\u2019n\u0131n (77) kulland\u0131\u011f\u0131 45 PA 1448 plakal\u0131 motosiklet, kar\u015f\u0131 y\u00f6nden gelen N.Z. (61) idaresindeki 45 AES 328 plakal\u0131 palelvan ara\u00e7la kafa kafaya \u00e7arp\u0131\u015ft\u0131. Kazada motosiklet s\u00fcr\u00fcc\u00fcs\u00fc Mustafa \u015eahinkaya a\u011f\u0131r yaraland\u0131. Ambulansla Akhisar\u2019daki hastaneye kald\u0131r\u0131lan ya\u015fl\u0131&#8230;<\/p>\n","protected":false},"author":1,"featured_media":50591,"comment_status":"open","ping_status":"open","sticky":false,"template":"","format":"standard","meta":{"_crdt_document":"","footnotes":""},"categories":[5],"tags":[],"class_list":["post-50590","post","type-post","status-publish","format-standard","has-post-thumbnail","hentry","category-asayis"],"_links":{"self":[{"href":"https:\/\/www.egemtv.com\/index.php?rest_route=\/wp\/v2\/posts\/50590","targetHints":{"allow":["GET"]}}],"collection":[{"href":"https:\/\/www.egemtv.com\/index.php?rest_route=\/wp\/v2\/posts"}],"about":[{"href":"https:\/\/www.egemtv.com\/index.php?rest_route=\/wp\/v2\/types\/post"}],"author":[{"embeddable":true,"href":"https:\/\/www.egemtv.com\/index.php?rest_route=\/wp\/v2\/users\/1"}],"replies":[{"embeddable":true,"href":"https:\/\/www.egemtv.com\/index.php?rest_route=%2Fwp%2Fv2%2Fcomments&post=50590"}],"version-history":[{"count":1,"href":"https:\/\/www.egemtv.com\/index.php?rest_route=\/wp\/v2\/posts\/50590\/revisions"}],"predecessor-version":[{"id":50592,"href":"https:\/\/www.egemtv.com\/index.php?rest_route=\/wp\/v2\/posts\/50590\/revisions\/50592"}],"wp:featuredmedia":[{"embeddable":true,"href":"https:\/\/www.egemtv.com\/index.php?rest_route=\/wp\/v2\/media\/50591"}],"wp:attachment":[{"href":"https:\/\/www.egemtv.com\/index.php?rest_route=%2Fwp%2Fv2%2Fmedia&parent=50590"}],"wp:term":[{"taxonomy":"category","embeddable":true,"href":"https:\/\/www.egemtv.com\/index.php?rest_route=%2Fwp%2Fv2%2Fcategories&post=50590"},{"taxonomy":"post_tag","embeddable":true,"href":"https:\/\/www.egemtv.com\/index.php?rest_route=%2Fwp%2Fv2%2Ftags&post=50590"}],"curies":[{"name":"wp","href":"https:\/\/api.w.org\/{rel}","templated":true}]}}