{"id":50587,"date":"2025-08-22T21:35:51","date_gmt":"2025-08-22T18:35:51","guid":{"rendered":"https:\/\/www.egemtv.com\/?p=50587"},"modified":"2025-08-22T21:35:52","modified_gmt":"2025-08-22T18:35:52","slug":"bakan-bak-turkiye-bir-spor-devrimi-yasamaktadir","status":"publish","type":"post","link":"https:\/\/www.egemtv.com\/?p=50587","title":{"rendered":"Bakan Bak: &#8220;T\u00fcrkiye bir spor devrimi ya\u015famaktad\u0131r&#8221;"},"content":{"rendered":"<p>Gen\u00e7lik ve Spor Bakan\u0131 Osman A\u015fk\u0131n Bak, T\u00fcrkiye\u2019de bir spor devrimi ya\u015fand\u0131\u011f\u0131n\u0131 belirterek, &#8220;T\u00fcrkiye, spor \u00fclkesi olma yolunda h\u0131zla ilerliyor. Gen\u00e7lik ve Spor Bakanl\u0131\u011f\u0131 olarak bizim en \u00f6nemli g\u00f6revlerimizden bir tanesi ba\u011f\u0131ml\u0131l\u0131kla m\u00fccadele. Dijital ba\u011f\u0131ml\u0131l\u0131k, uyu\u015fturucu, i\u00e7ki ve k\u00f6t\u00fc al\u0131\u015fkanl\u0131klar ba\u015fta olmak \u00fczere ba\u011f\u0131ml\u0131l\u0131kla m\u00fccadelemiz devam ediyor&#8221; dedi.<br \/>\n<br \/>Gen\u00e7lik ve Spor Bakan\u0131 Osman A\u015fk\u0131n Bak, yat\u0131r\u0131m\u0131 tamamlanan 6 milyar TL de\u011ferindeki 23 tesisin a\u00e7\u0131l\u0131\u015f\u0131n\u0131 ger\u00e7ekle\u015ftirmek i\u00e7in Ayd\u0131n\u2019a geldi. G\u00fcn i\u00e7erisindeki bir dizi ziyaretlerinin ard\u0131ndan Ayd\u0131n Adnan Menderes \u00dcniversitesi merkez kamp\u00fcs\u00fcne gelen Bakan Bak, ilk olarak yap\u0131m\u0131 tamamlanan Efeler Ayd\u0131n \u00d6\u011frenci Yurdu\u2019nda incelemelerde bulundu. Ard\u0131ndan Binali Y\u0131ld\u0131r\u0131m Stadyumu\u2019na ge\u00e7en Bak, 23 tesisin a\u00e7\u0131l\u0131\u015f\u0131n\u0131 ger\u00e7ekle\u015ftirdi.<\/p>\n<p>&#8220;Bakanl\u0131k olarak en \u00f6nemli g\u00f6revlerimizden birisi ba\u011f\u0131ml\u0131l\u0131kla m\u00fccadele&#8221;<br \/>\n<br \/>T\u00fcrkiye Bulu\u015fmalar\u0131 \u00e7er\u00e7evesinde Ayd\u0131n\u2019da olduklar\u0131n\u0131 ve Ayd\u0131n\u2019a kazand\u0131rd\u0131klar\u0131 23 eserin a\u00e7\u0131l\u0131\u015f\u0131n\u0131 yapt\u0131klar\u0131n\u0131 kaydeden Bakan Bak, &#8220;Gen\u00e7lik ve Spor Bakanl\u0131\u011f\u0131 olarak T\u00fcrkiye\u2019nin d\u00f6rt bir yan\u0131nda spor tesisleriyle, stadyumlar\u0131 ile, kapal\u0131 y\u00fczme havuzlar\u0131yla, spor salonlar\u0131yla, atletizm pistleri ile T\u00fcrkiye bir spor devrimi ya\u015famaktad\u0131r. T\u00fcrkiye, spor \u00fclkesi olma yolunda h\u0131zla ilerliyor. Bug\u00fcn burada g\u00f6rd\u00fc\u011f\u00fcm\u00fcz tablo ger\u00e7ekten bizleri gururland\u0131rd\u0131. Gen\u00e7lerimizin trib\u00fcnde formalar\u0131yla, e\u015fofmanlar\u0131yla, hocalar\u0131yla beraber co\u015fkun bir \u015fekilde olmalar\u0131 bizleri sevindirdi. Buradan \u00f6zellikle hocalar\u0131m\u0131za te\u015fekk\u00fcr ediyoruz. Ailelere te\u015fekk\u00fcr ediyoruz. Bu tesislerin hepsi \u00fclkemizin gelece\u011fi olan gen\u00e7lerimiz i\u00e7in. Ayd\u0131n\u2019da 23 tane tesisimizi a\u00e7\u0131yoruz. Gen\u00e7lik ve Spor Bakanl\u0131\u011f\u0131 olarak bizim en \u00f6nemli g\u00f6revlerimizden bir tanesi ba\u011f\u0131ml\u0131l\u0131kla m\u00fccadele. Dijital ba\u011f\u0131ml\u0131l\u0131k, uyu\u015fturucu, i\u00e7ki ve k\u00f6t\u00fc al\u0131\u015fkanl\u0131klar ba\u015fta olmak \u00fczere bizim m\u00fccadelemiz bu. Biz sporun iyile\u015ftirici, birle\u015ftirici g\u00fcc\u00fcne inan\u0131yoruz. Ailelerimize \u015funu s\u00f6yl\u00fcyoruz; bu yap\u0131lan tesislere \u00e7ocuklar\u0131m\u0131z\u0131 getirelim. Bu \u00e7ocuklar burada spor yaps\u0131nlar. Gen\u00e7lik merkezlerimize, y\u00fczme havuzlar\u0131m\u0131za getirelim. Sporun ki\u015fili\u011fi geli\u015ftirmede, \u00f6zg\u00fcveni art\u0131rmada \u00e7ok \u00f6nemli rol\u00fc var. Biz \u015fanl\u0131y\u0131z. \u00c7\u00fcnk\u00fc sporun i\u00e7inden gelen bir Cumhurba\u015fkan\u0131m\u0131z var. \u00dclkemizin gen\u00e7lerine yat\u0131r\u0131m yapan bir lider. Ayd\u0131n\u2019da da bu yat\u0131r\u0131mlar devam ediyor. Bunlar\u0131n hepsi \u00fclkemizin gelece\u011fi olan gen\u00e7lerimiz i\u00e7in. Ayd\u0131n\u2019da \u00e7ok yat\u0131r\u0131m yapt\u0131k. Yat\u0131r\u0131m\u0131 devam eden tesislerimizin aras\u0131nda \u0130ncirliova\u2019da Gen\u00e7lik Merkezi ve spor tesisi, S\u00f6ke\u2019de spor kompleksi ve yurt in\u015faat\u0131 yap\u0131yoruz. Yine Ayd\u0131n merkezde bir spor kompleksi. \u0130\u00e7erisinde b\u00fcy\u00fck bir kapal\u0131 spor salonu ve olimpik y\u00fczme havuzu olan bu tesisleri Ayd\u0131n\u2019a kazand\u0131raca\u011f\u0131z. Durmak yok, her \u015fey Ayd\u0131n\u2019\u0131m\u0131z\u0131n gen\u00e7leri i\u00e7in. Ayd\u0131n stad\u0131m\u0131z\u0131n in\u015faat\u0131 devam ediyor. Gen\u00e7lerimiz burada sportif aktivitelerine devam edecek. \u0130n\u015fallah gelecekte bu \u00e7ocuklar\u0131m\u0131z\u0131n aras\u0131ndan \u00fclkemizin bayra\u011f\u0131n\u0131 g\u00f6ndere \u00e7ektirecek olimpiyat \u015fampiyonlar\u0131 bu tesislerimizden \u00e7\u0131kacak. O y\u00fczden gen\u00e7lerimize g\u00fcveniyoruz, onlara inan\u0131yoruz. Bu \u00fclkenin sporcusu olmaktan gurur duyuyoruz. \u0130\u00e7inizden Avrupa, D\u00fcnya olimpiyat \u015fampiyonu istiyoruz. Sizleri \u00e7ok seviyoruz. Tesislerimiz hay\u0131rl\u0131 olsun&#8221; dedi.<br \/>\n<br \/>Konu\u015fmalar\u0131n ard\u0131ndan Bakan Bak, Ayd\u0131n Valisi Yakup Canbolat, AK Parti Ayd\u0131n milletvekilleri ve gen\u00e7lerle birlikte 23 tesisin temsili olarak a\u00e7\u0131l\u0131\u015f kurdelesini kesti. Ard\u0131ndan Vali Canbolat, Bakan Bak\u2019a Ayd\u0131n\u2019\u0131n ve Efeli\u011fin sembollerinden olan k\u00f6r\u00fckl\u00fc \u00e7izme ve ya\u011fl\u0131ktan olu\u015fan hediyeyi takdim etti.<\/p>\n<p>Bakan Bak\u2019\u0131n tak\u0131m\u0131 6-3 yendi<br \/>\n<br \/>Toplu a\u00e7\u0131l\u0131\u015f t\u00f6reninin ard\u0131ndan Bakan Bak, U16 T\u00fcrkiye \u015eampiyonu K\u00fc\u00e7\u00fckada Spor Kul\u00fcb\u00fc ile g\u00f6steri ma\u00e7\u0131 yapt\u0131. Ayd\u0131n milletvekillerinin de forma giydi\u011fi ma\u00e7, k\u0131yas\u0131ya m\u00fccadelenin yan\u0131 s\u0131ra renkli g\u00f6r\u00fcnt\u00fclere sahne oldu. Yakla\u015f\u0131k 40 dakika s\u00fcren futbol ma\u00e7\u0131n\u0131 Bakan Bak\u2019\u0131n tak\u0131m\u0131 6-3 kazand\u0131. Ma\u00e7\u0131n ard\u0131ndan Bakan Bak, gen\u00e7lerle hat\u0131ra foto\u011fraf\u0131 \u00e7ektirdi.<br \/><\/p>\n","protected":false},"excerpt":{"rendered":"<p>Gen\u00e7lik ve Spor Bakan\u0131 Osman A\u015fk\u0131n Bak, T\u00fcrkiye\u2019de bir spor devrimi ya\u015fand\u0131\u011f\u0131n\u0131 belirterek, &#8220;T\u00fcrkiye, spor \u00fclkesi olma yolunda h\u0131zla ilerliyor. Gen\u00e7lik ve Spor Bakanl\u0131\u011f\u0131 olarak bizim en \u00f6nemli g\u00f6revlerimizden bir tanesi ba\u011f\u0131ml\u0131l\u0131kla m\u00fccadele. Dijital ba\u011f\u0131ml\u0131l\u0131k, uyu\u015fturucu, i\u00e7ki ve k\u00f6t\u00fc al\u0131\u015fkanl\u0131klar ba\u015fta olmak \u00fczere ba\u011f\u0131ml\u0131l\u0131kla m\u00fccadelemiz devam ediyor&#8221; dedi. Gen\u00e7lik ve Spor Bakan\u0131 Osman A\u015fk\u0131n Bak,&#8230;<\/p>\n","protected":false},"author":1,"featured_media":50588,"comment_status":"open","ping_status":"open","sticky":false,"template":"","format":"standard","meta":{"_crdt_document":"","footnotes":""},"categories":[127],"tags":[],"class_list":["post-50587","post","type-post","status-publish","format-standard","has-post-thumbnail","hentry","category-siyaset"],"_links":{"self":[{"href":"https:\/\/www.egemtv.com\/index.php?rest_route=\/wp\/v2\/posts\/50587","targetHints":{"allow":["GET"]}}],"collection":[{"href":"https:\/\/www.egemtv.com\/index.php?rest_route=\/wp\/v2\/posts"}],"about":[{"href":"https:\/\/www.egemtv.com\/index.php?rest_route=\/wp\/v2\/types\/post"}],"author":[{"embeddable":true,"href":"https:\/\/www.egemtv.com\/index.php?rest_route=\/wp\/v2\/users\/1"}],"replies":[{"embeddable":true,"href":"https:\/\/www.egemtv.com\/index.php?rest_route=%2Fwp%2Fv2%2Fcomments&post=50587"}],"version-history":[{"count":1,"href":"https:\/\/www.egemtv.com\/index.php?rest_route=\/wp\/v2\/posts\/50587\/revisions"}],"predecessor-version":[{"id":50589,"href":"https:\/\/www.egemtv.com\/index.php?rest_route=\/wp\/v2\/posts\/50587\/revisions\/50589"}],"wp:featuredmedia":[{"embeddable":true,"href":"https:\/\/www.egemtv.com\/index.php?rest_route=\/wp\/v2\/media\/50588"}],"wp:attachment":[{"href":"https:\/\/www.egemtv.com\/index.php?rest_route=%2Fwp%2Fv2%2Fmedia&parent=50587"}],"wp:term":[{"taxonomy":"category","embeddable":true,"href":"https:\/\/www.egemtv.com\/index.php?rest_route=%2Fwp%2Fv2%2Fcategories&post=50587"},{"taxonomy":"post_tag","embeddable":true,"href":"https:\/\/www.egemtv.com\/index.php?rest_route=%2Fwp%2Fv2%2Ftags&post=50587"}],"curies":[{"name":"wp","href":"https:\/\/api.w.org\/{rel}","templated":true}]}}