{"id":50584,"date":"2025-08-22T21:16:05","date_gmt":"2025-08-22T18:16:05","guid":{"rendered":"https:\/\/www.egemtv.com\/?p=50584"},"modified":"2025-08-22T21:16:05","modified_gmt":"2025-08-22T18:16:05","slug":"aliagada-aziz-sancar-kutuphanesi-hizmete-acildi","status":"publish","type":"post","link":"https:\/\/www.egemtv.com\/?p=50584","title":{"rendered":"Alia\u011fa\u2019da Aziz Sancar K\u00fct\u00fcphanesi hizmete a\u00e7\u0131ld\u0131"},"content":{"rendered":"<p>Alia\u011fa Belediyesi, il\u00e7eye modern bir k\u00fct\u00fcphane kazand\u0131rd\u0131. Alia\u011fa Spor ve Ya\u015fam Merkezi i\u00e7erisinde yer alan Aziz Sancar K\u00fct\u00fcphanesi vatanda\u015flar\u0131n hizmetine a\u00e7\u0131ld\u0131.<br \/>\n<br \/>Nobel \u00d6d\u00fcll\u00fc T\u00fcrk bilim adam\u0131 Prof. Dr. Aziz Sancar\u2019\u0131n isminin verildi\u011fi k\u00fct\u00fcphanede yakla\u015f\u0131k 3 bin kitap yer al\u0131yor. 180 metrekarelik alanda ayn\u0131 anda 70 ki\u015fiye hizmet verebilen k\u00fct\u00fcphane, modern yap\u0131s\u0131 ve Kitap Kafe ile de Alia\u011fa\u2019da bir ilk olma \u00f6zelli\u011fi ta\u015f\u0131yor. Sabah 09.00 ile ak\u015fam 21.00 saatleri aras\u0131nda a\u00e7\u0131k olacak k\u00fct\u00fcphanede \u00f6\u011frencilere \u00fccretsiz kahve ikram\u0131 da yap\u0131lacak. K\u00fct\u00fcphanenin a\u00e7\u0131l\u0131\u015f\u0131, Alia\u011fa Kaymakam\u0131 Zekeriya G\u00fcney, Alia\u011fa Belediye Ba\u015fkan\u0131 Serkan Acar, Garnizon Komutan\u0131 Albay Ali G\u00fcler, belediye meclis \u00fcyeleri, muhtarlar, siyasi parti y\u00f6neticileri, STK temsilcilerinin kat\u0131ld\u0131\u011f\u0131 t\u00f6renle yap\u0131ld\u0131. Alia\u011fa Belediyesi, Aziz Sancar\u2019\u0131n ad\u0131n\u0131 ta\u015f\u0131yan k\u00fct\u00fcphane ile hem kente modern bir e\u011fitim merkezi kazand\u0131rd\u0131 hem de gen\u00e7 nesillere ilham kayna\u011f\u0131 olacak bir eseri hayata ge\u00e7irdi.<br \/>\n<br \/>A\u00e7\u0131l\u0131\u015fta konu\u015fan Alia\u011fa Belediye Ba\u015fkan\u0131 Acar, &#8220;K\u00fct\u00fcphanemizi kafe-k\u00fct\u00fcphane konseptiyle haz\u0131rlad\u0131k. Burada \u00e7ocuklar\u0131m\u0131z ve gen\u00e7lerimiz, derslerini \u00e7al\u0131\u015f\u0131rken ayn\u0131 zamanda \u00fccretsiz kahve ikram\u0131ndan da faydalanabilecek. Belediye meclisimizin karar\u0131yla k\u00fct\u00fcphanemize \u00fclkemizin yeti\u015ftirdi\u011fi Nobel \u00d6d\u00fcll\u00fc bilim insan\u0131 Aziz Sancar\u2019\u0131n ismini verdik. Diliyorum ki k\u00fct\u00fcphanemiz, Aziz Sancar gibi de\u011ferli bilim insanlar\u0131n\u0131n yeti\u015fmesine katk\u0131 sa\u011flar&#8221; dedi.<br \/>\n<br \/>Alia\u011fa Kaymakam\u0131 Zekeriya G\u00fcney ise konu\u015fmas\u0131nda, &#8220;K\u00fct\u00fcphanenin a\u00e7\u0131lmas\u0131nda eme\u011fi ge\u00e7en herkese te\u015fekk\u00fcr ediyorum. Gen\u00e7lerimizin bu k\u00fct\u00fcphaneden en iyi \u015fekilde faydalanaca\u011f\u0131na y\u00fcrekten inan\u0131yorum&#8221; ifadelerini kulland\u0131.<br \/><\/p>\n","protected":false},"excerpt":{"rendered":"<p>Alia\u011fa Belediyesi, il\u00e7eye modern bir k\u00fct\u00fcphane kazand\u0131rd\u0131. Alia\u011fa Spor ve Ya\u015fam Merkezi i\u00e7erisinde yer alan Aziz Sancar K\u00fct\u00fcphanesi vatanda\u015flar\u0131n hizmetine a\u00e7\u0131ld\u0131. Nobel \u00d6d\u00fcll\u00fc T\u00fcrk bilim adam\u0131 Prof. Dr. Aziz Sancar\u2019\u0131n isminin verildi\u011fi k\u00fct\u00fcphanede yakla\u015f\u0131k 3 bin kitap yer al\u0131yor. 180 metrekarelik alanda ayn\u0131 anda 70 ki\u015fiye hizmet verebilen k\u00fct\u00fcphane, modern yap\u0131s\u0131 ve Kitap Kafe ile&#8230;<\/p>\n","protected":false},"author":1,"featured_media":50585,"comment_status":"open","ping_status":"open","sticky":false,"template":"","format":"standard","meta":{"_crdt_document":"","footnotes":""},"categories":[1],"tags":[],"class_list":["post-50584","post","type-post","status-publish","format-standard","has-post-thumbnail","hentry","category-guncel"],"_links":{"self":[{"href":"https:\/\/www.egemtv.com\/index.php?rest_route=\/wp\/v2\/posts\/50584","targetHints":{"allow":["GET"]}}],"collection":[{"href":"https:\/\/www.egemtv.com\/index.php?rest_route=\/wp\/v2\/posts"}],"about":[{"href":"https:\/\/www.egemtv.com\/index.php?rest_route=\/wp\/v2\/types\/post"}],"author":[{"embeddable":true,"href":"https:\/\/www.egemtv.com\/index.php?rest_route=\/wp\/v2\/users\/1"}],"replies":[{"embeddable":true,"href":"https:\/\/www.egemtv.com\/index.php?rest_route=%2Fwp%2Fv2%2Fcomments&post=50584"}],"version-history":[{"count":1,"href":"https:\/\/www.egemtv.com\/index.php?rest_route=\/wp\/v2\/posts\/50584\/revisions"}],"predecessor-version":[{"id":50586,"href":"https:\/\/www.egemtv.com\/index.php?rest_route=\/wp\/v2\/posts\/50584\/revisions\/50586"}],"wp:featuredmedia":[{"embeddable":true,"href":"https:\/\/www.egemtv.com\/index.php?rest_route=\/wp\/v2\/media\/50585"}],"wp:attachment":[{"href":"https:\/\/www.egemtv.com\/index.php?rest_route=%2Fwp%2Fv2%2Fmedia&parent=50584"}],"wp:term":[{"taxonomy":"category","embeddable":true,"href":"https:\/\/www.egemtv.com\/index.php?rest_route=%2Fwp%2Fv2%2Fcategories&post=50584"},{"taxonomy":"post_tag","embeddable":true,"href":"https:\/\/www.egemtv.com\/index.php?rest_route=%2Fwp%2Fv2%2Ftags&post=50584"}],"curies":[{"name":"wp","href":"https:\/\/api.w.org\/{rel}","templated":true}]}}