{"id":50581,"date":"2025-08-22T20:54:39","date_gmt":"2025-08-22T17:54:39","guid":{"rendered":"https:\/\/www.egemtv.com\/?p=50581"},"modified":"2025-08-22T20:54:40","modified_gmt":"2025-08-22T17:54:40","slug":"bicakli-saldirida-hayatini-kaybeden-taksi-soforu-topraga-verildi","status":"publish","type":"post","link":"https:\/\/www.egemtv.com\/?p=50581","title":{"rendered":"B\u0131\u00e7akl\u0131 sald\u0131r\u0131da hayat\u0131n\u0131 kaybeden taksi \u015fof\u00f6r\u00fc topra\u011fa verildi"},"content":{"rendered":"<p>Ayd\u0131n\u2019\u0131n Ku\u015fadas\u0131 il\u00e7esinde meydana gelen olayda u\u011frad\u0131\u011f\u0131 b\u0131\u00e7akl\u0131 sald\u0131r\u0131 sonucu hayat\u0131n\u0131 kaybeden taksi \u015fof\u00f6r\u00fc Vural \u0130\u015f\u00e7en topra\u011fa verildi.<\/p>\n<p>Olay, Karaova Mahallesi\u2019nde gece saatlerinde meydana geldi. Edinilen bilgiye g\u00f6re, seyyar parf\u00fcmc\u00fcl\u00fck yapt\u0131\u011f\u0131 \u00f6\u011frenilen S.G. ile taksi dura\u011f\u0131nda \u00e7al\u0131\u015fan Vural \u0130\u015f\u00e7en aras\u0131nda tart\u0131\u015fma \u00e7\u0131kt\u0131. \u0130ddiaya g\u00f6re, dura\u011f\u0131n tuvalet anahtar\u0131n\u0131 isteyen S.G., olumsuz yan\u0131t al\u0131nca sinirlendi. Bir s\u00fcre sonra m\u00fc\u015fteri b\u0131rakmak \u00fczere yola \u00e7\u0131kan taksici Vural \u0130\u015f\u00e7en\u2019i motosikletiyle takip eden S.G., Nazilli Halk Pazar\u0131 \u00f6n\u00fcnde yeniden kar\u015f\u0131la\u015ft\u0131\u011f\u0131 \u0130\u015f\u00e7en ile kavga etti. Kavga s\u0131ras\u0131nda b\u0131\u00e7aklanan taksici, ald\u0131\u011f\u0131 darbeler sonucu a\u011f\u0131r yaraland\u0131. Ara\u00e7 telsiziyle arkada\u015flar\u0131na durumu bildiren taksici, olay yerine gelen sa\u011fl\u0131k ekipleri taraf\u0131ndan hastaneye kald\u0131r\u0131ld\u0131 ancak yap\u0131lan t\u00fcm m\u00fcdahalelere ra\u011fmen kurtar\u0131lamayarak hayat\u0131n\u0131 kaybetti. Olay\u0131n ard\u0131ndan ka\u00e7an S.G., polis ekiplerince k\u0131sa s\u00fcrede yakalanarak g\u00f6zalt\u0131na al\u0131nd\u0131.<\/p>\n<p>Germencik\u2019te son yolculu\u011funa u\u011furland\u0131<br \/>\n<br \/>B\u0131\u00e7akl\u0131 sald\u0131r\u0131 sonucu hayat\u0131n\u0131 kaybeden Vural \u0130\u015f\u00e7en Germencik il\u00e7esinde d\u00fczenlenen cenaze t\u00f6reninin ard\u0131ndan topra\u011fa verildi. Cenaze t\u00f6renine, Germencik Belediye Ba\u015fkan\u0131 Burak Zencirci, Ayd\u0131n Esnaf ve Sanatkarlar Odalar\u0131 Birli\u011fi (AYESOB) Ba\u015fkan\u0131 Muhammed Ali K\u00fcnkc\u00fc, oda ba\u015fkanlar\u0131, taksi \u015fof\u00f6rleri ve aile yak\u0131nlar\u0131 kat\u0131ld\u0131.<br \/><\/p>\n","protected":false},"excerpt":{"rendered":"<p>Ayd\u0131n\u2019\u0131n Ku\u015fadas\u0131 il\u00e7esinde meydana gelen olayda u\u011frad\u0131\u011f\u0131 b\u0131\u00e7akl\u0131 sald\u0131r\u0131 sonucu hayat\u0131n\u0131 kaybeden taksi \u015fof\u00f6r\u00fc Vural \u0130\u015f\u00e7en topra\u011fa verildi. Olay, Karaova Mahallesi\u2019nde gece saatlerinde meydana geldi. Edinilen bilgiye g\u00f6re, seyyar parf\u00fcmc\u00fcl\u00fck yapt\u0131\u011f\u0131 \u00f6\u011frenilen S.G. ile taksi dura\u011f\u0131nda \u00e7al\u0131\u015fan Vural \u0130\u015f\u00e7en aras\u0131nda tart\u0131\u015fma \u00e7\u0131kt\u0131. \u0130ddiaya g\u00f6re, dura\u011f\u0131n tuvalet anahtar\u0131n\u0131 isteyen S.G., olumsuz yan\u0131t al\u0131nca sinirlendi. Bir s\u00fcre&#8230;<\/p>\n","protected":false},"author":1,"featured_media":50582,"comment_status":"open","ping_status":"open","sticky":false,"template":"","format":"standard","meta":{"_crdt_document":"","footnotes":""},"categories":[5],"tags":[],"class_list":["post-50581","post","type-post","status-publish","format-standard","has-post-thumbnail","hentry","category-asayis"],"_links":{"self":[{"href":"https:\/\/www.egemtv.com\/index.php?rest_route=\/wp\/v2\/posts\/50581","targetHints":{"allow":["GET"]}}],"collection":[{"href":"https:\/\/www.egemtv.com\/index.php?rest_route=\/wp\/v2\/posts"}],"about":[{"href":"https:\/\/www.egemtv.com\/index.php?rest_route=\/wp\/v2\/types\/post"}],"author":[{"embeddable":true,"href":"https:\/\/www.egemtv.com\/index.php?rest_route=\/wp\/v2\/users\/1"}],"replies":[{"embeddable":true,"href":"https:\/\/www.egemtv.com\/index.php?rest_route=%2Fwp%2Fv2%2Fcomments&post=50581"}],"version-history":[{"count":1,"href":"https:\/\/www.egemtv.com\/index.php?rest_route=\/wp\/v2\/posts\/50581\/revisions"}],"predecessor-version":[{"id":50583,"href":"https:\/\/www.egemtv.com\/index.php?rest_route=\/wp\/v2\/posts\/50581\/revisions\/50583"}],"wp:featuredmedia":[{"embeddable":true,"href":"https:\/\/www.egemtv.com\/index.php?rest_route=\/wp\/v2\/media\/50582"}],"wp:attachment":[{"href":"https:\/\/www.egemtv.com\/index.php?rest_route=%2Fwp%2Fv2%2Fmedia&parent=50581"}],"wp:term":[{"taxonomy":"category","embeddable":true,"href":"https:\/\/www.egemtv.com\/index.php?rest_route=%2Fwp%2Fv2%2Fcategories&post=50581"},{"taxonomy":"post_tag","embeddable":true,"href":"https:\/\/www.egemtv.com\/index.php?rest_route=%2Fwp%2Fv2%2Ftags&post=50581"}],"curies":[{"name":"wp","href":"https:\/\/api.w.org\/{rel}","templated":true}]}}